{"id":9926,"date":"2010-01-01T00:00:00","date_gmt":"2010-01-01T00:00:00","guid":{"rendered":"https:\/\/catedra-alberto-benveniste.org\/novo-projecto-de-investigacao-entre-portugal-y-flandres-integracion-de-territorios-para-un-desafio-global-1580-1665\/"},"modified":"2010-01-01T00:00:00","modified_gmt":"2010-01-01T00:00:00","slug":"novo-projecto-de-investigacao-entre-portugal-y-flandres-integracion-de-territorios-para-un-desafio-global-1580-1665","status":"publish","type":"post","link":"https:\/\/catedra-alberto-benveniste.org\/en\/novo-projecto-de-investigacao-entre-portugal-y-flandres-integracion-de-territorios-para-un-desafio-global-1580-1665\/","title":{"rendered":"NOVO: Projecto  de investiga\u00e7\u00e3o &#8220;Entre Portugal y Flandres: integraci\u00f3n de territorios para un desafio global (1580-1665)&#8221;"},"content":{"rendered":"<p>Est\u00e1 a decorrer a propositura, ao Minist\u00e9rio da Ci\u00eancia de Espanha, do Projecto em ep\u00edgrafe liderado pelo Prof. Juan Ignacio Pulido Serrano, da Universidade de Alcal\u00e1 de Henares e ainda a Universidade Complutense de Madrid, a Funda\u00e7\u00e3o Carlos de Amberes e a C\u00e1tedra &#8220;Alberto Benveniste&#8221;. Os objectivos da investiga\u00e7\u00e3o pretendem fazer avan\u00e7ar o estudo das conex\u00f5es entre grupos financeiros e os projectos pol\u00edticos na Monarquia Hisp\u00e2nica.<\/p>\n","protected":false},"excerpt":{"rendered":"<p>Est\u00e1 a decorrer a propositura, ao Minist\u00e9rio da Ci\u00eancia de Espanha, do Projecto em ep\u00edgrafe liderado pelo Prof. Juan Ignacio Pulido Serrano, da Universidade de Alcal\u00e1 de Henares e ainda a Universidade Complutense de Madrid, a Funda\u00e7\u00e3o Carlos de Amberes e a C\u00e1tedra &#8220;Alberto Benveniste&#8221;. Os objectivos da investiga\u00e7\u00e3o pretendem fazer avan\u00e7ar o estudo das [&hellip;]<\/p>\n","protected":false},"author":1,"featured_media":8744,"comment_status":"open","ping_status":"open","sticky":false,"template":"","format":"standard","meta":{"footnotes":""},"categories":[49],"tags":[],"class_list":["post-9926","post","type-post","status-publish","format-standard","has-post-thumbnail","hentry","category-noticias-en"],"_links":{"self":[{"href":"https:\/\/catedra-alberto-benveniste.org\/en\/wp-json\/wp\/v2\/posts\/9926","targetHints":{"allow":["GET"]}}],"collection":[{"href":"https:\/\/catedra-alberto-benveniste.org\/en\/wp-json\/wp\/v2\/posts"}],"about":[{"href":"https:\/\/catedra-alberto-benveniste.org\/en\/wp-json\/wp\/v2\/types\/post"}],"author":[{"embeddable":true,"href":"https:\/\/catedra-alberto-benveniste.org\/en\/wp-json\/wp\/v2\/users\/1"}],"replies":[{"embeddable":true,"href":"https:\/\/catedra-alberto-benveniste.org\/en\/wp-json\/wp\/v2\/comments?post=9926"}],"version-history":[{"count":0,"href":"https:\/\/catedra-alberto-benveniste.org\/en\/wp-json\/wp\/v2\/posts\/9926\/revisions"}],"wp:featuredmedia":[{"embeddable":true,"href":"https:\/\/catedra-alberto-benveniste.org\/en\/wp-json\/wp\/v2\/media\/8744"}],"wp:attachment":[{"href":"https:\/\/catedra-alberto-benveniste.org\/en\/wp-json\/wp\/v2\/media?parent=9926"}],"wp:term":[{"taxonomy":"category","embeddable":true,"href":"https:\/\/catedra-alberto-benveniste.org\/en\/wp-json\/wp\/v2\/categories?post=9926"},{"taxonomy":"post_tag","embeddable":true,"href":"https:\/\/catedra-alberto-benveniste.org\/en\/wp-json\/wp\/v2\/tags?post=9926"}],"curies":[{"name":"wp","href":"https:\/\/api.w.org\/{rel}","templated":true}]}}