{"id":9925,"date":"2010-01-15T16:51:59","date_gmt":"2010-01-15T16:51:59","guid":{"rendered":"https:\/\/catedra-alberto-benveniste.org\/em-destaque-edicao-on-line-do-dicionario-dos-italianos-estantes-em-portugal\/"},"modified":"2010-01-15T16:51:59","modified_gmt":"2010-01-15T16:51:59","slug":"em-destaque-edicao-on-line-do-dicionario-dos-italianos-estantes-em-portugal","status":"publish","type":"post","link":"https:\/\/catedra-alberto-benveniste.org\/en\/em-destaque-edicao-on-line-do-dicionario-dos-italianos-estantes-em-portugal\/","title":{"rendered":"EM DESTAQUE: edi\u00e7\u00e3o on-line do Dicion\u00e1rio dos Italianos Estantes em Portugal."},"content":{"rendered":"<p>Na nossa sec\u00e7\u00e3o <a href=\"dicionarios.asp\">\u00abDicion\u00e1rios\u00bb<\/a>, veja as entradas j\u00e1 disponibilizadas deste nosso Projecto FCT. Projecto em constante crescimento e  actualiza\u00e7\u00e3o, aceita todas as sugest\u00f5es e melhorias.<\/p>\n","protected":false},"excerpt":{"rendered":"<p>Na nossa sec\u00e7\u00e3o \u00abDicion\u00e1rios\u00bb, veja as entradas j\u00e1 disponibilizadas deste nosso Projecto FCT. Projecto em constante crescimento e  actualiza\u00e7\u00e3o, aceita todas as sugest\u00f5es e melhorias.<\/p>\n","protected":false},"author":1,"featured_media":8186,"comment_status":"open","ping_status":"open","sticky":false,"template":"","format":"standard","meta":{"footnotes":""},"categories":[49],"tags":[],"class_list":["post-9925","post","type-post","status-publish","format-standard","has-post-thumbnail","hentry","category-noticias-en"],"_links":{"self":[{"href":"https:\/\/catedra-alberto-benveniste.org\/en\/wp-json\/wp\/v2\/posts\/9925","targetHints":{"allow":["GET"]}}],"collection":[{"href":"https:\/\/catedra-alberto-benveniste.org\/en\/wp-json\/wp\/v2\/posts"}],"about":[{"href":"https:\/\/catedra-alberto-benveniste.org\/en\/wp-json\/wp\/v2\/types\/post"}],"author":[{"embeddable":true,"href":"https:\/\/catedra-alberto-benveniste.org\/en\/wp-json\/wp\/v2\/users\/1"}],"replies":[{"embeddable":true,"href":"https:\/\/catedra-alberto-benveniste.org\/en\/wp-json\/wp\/v2\/comments?post=9925"}],"version-history":[{"count":0,"href":"https:\/\/catedra-alberto-benveniste.org\/en\/wp-json\/wp\/v2\/posts\/9925\/revisions"}],"wp:featuredmedia":[{"embeddable":true,"href":"https:\/\/catedra-alberto-benveniste.org\/en\/wp-json\/wp\/v2\/media\/8186"}],"wp:attachment":[{"href":"https:\/\/catedra-alberto-benveniste.org\/en\/wp-json\/wp\/v2\/media?parent=9925"}],"wp:term":[{"taxonomy":"category","embeddable":true,"href":"https:\/\/catedra-alberto-benveniste.org\/en\/wp-json\/wp\/v2\/categories?post=9925"},{"taxonomy":"post_tag","embeddable":true,"href":"https:\/\/catedra-alberto-benveniste.org\/en\/wp-json\/wp\/v2\/tags?post=9925"}],"curies":[{"name":"wp","href":"https:\/\/api.w.org\/{rel}","templated":true}]}}