{"id":9923,"date":"2010-02-14T02:35:59","date_gmt":"2010-02-14T02:35:59","guid":{"rendered":"https:\/\/catedra-alberto-benveniste.org\/giuseppe-marcocci-apresenta-uma-resenha-da-historiografia-sobre-a-inquisicao-portuguesa\/"},"modified":"2010-02-14T02:35:59","modified_gmt":"2010-02-14T02:35:59","slug":"giuseppe-marcocci-apresenta-uma-resenha-da-historiografia-sobre-a-inquisicao-portuguesa","status":"publish","type":"post","link":"https:\/\/catedra-alberto-benveniste.org\/en\/giuseppe-marcocci-apresenta-uma-resenha-da-historiografia-sobre-a-inquisicao-portuguesa\/","title":{"rendered":"Giuseppe Marcocci apresenta uma resenha da historiografia sobre a Inquisi\u00e7\u00e3o portuguesa"},"content":{"rendered":"<p>Na revista italiana Cromohs (14, 2009: 1), Giuseppe Marcocci, investigador da Scuola Normale Superiore di Pisa, acaba de publicar uma \u00fatil resenha dos estudos recentes sobre a Inquisi\u00e7\u00e3o portuguesa. Com o t\u00edtulo &#8220;Trent&#8217;anni di storiografia sull&#8217;Inquisizione portoghese. Quesiti aperti, reticenze, prospettive di ricerca (1978-2008)&#8221;, o texto encontra-se dispon\u00edvel em: <a>http:\/\/www.cromohs.unifi.it\/14_2009\/marcocci_storioport.html<a><\/p>\n","protected":false},"excerpt":{"rendered":"<p>Na revista italiana Cromohs (14, 2009: 1), Giuseppe Marcocci, investigador da Scuola Normale Superiore di Pisa, acaba de publicar uma \u00fatil resenha dos estudos recentes sobre a Inquisi\u00e7\u00e3o portuguesa. Com o t\u00edtulo &#8220;Trent&#8217;anni di storiografia sull&#8217;Inquisizione portoghese. Quesiti aperti, reticenze, prospettive di ricerca (1978-2008)&#8221;, o texto encontra-se dispon\u00edvel em: http:\/\/www.cromohs.unifi.it\/14_2009\/marcocci_storioport.html<\/p>\n","protected":false},"author":1,"featured_media":8188,"comment_status":"open","ping_status":"open","sticky":false,"template":"","format":"standard","meta":{"footnotes":""},"categories":[49],"tags":[],"class_list":["post-9923","post","type-post","status-publish","format-standard","has-post-thumbnail","hentry","category-noticias-en"],"_links":{"self":[{"href":"https:\/\/catedra-alberto-benveniste.org\/en\/wp-json\/wp\/v2\/posts\/9923","targetHints":{"allow":["GET"]}}],"collection":[{"href":"https:\/\/catedra-alberto-benveniste.org\/en\/wp-json\/wp\/v2\/posts"}],"about":[{"href":"https:\/\/catedra-alberto-benveniste.org\/en\/wp-json\/wp\/v2\/types\/post"}],"author":[{"embeddable":true,"href":"https:\/\/catedra-alberto-benveniste.org\/en\/wp-json\/wp\/v2\/users\/1"}],"replies":[{"embeddable":true,"href":"https:\/\/catedra-alberto-benveniste.org\/en\/wp-json\/wp\/v2\/comments?post=9923"}],"version-history":[{"count":0,"href":"https:\/\/catedra-alberto-benveniste.org\/en\/wp-json\/wp\/v2\/posts\/9923\/revisions"}],"wp:featuredmedia":[{"embeddable":true,"href":"https:\/\/catedra-alberto-benveniste.org\/en\/wp-json\/wp\/v2\/media\/8188"}],"wp:attachment":[{"href":"https:\/\/catedra-alberto-benveniste.org\/en\/wp-json\/wp\/v2\/media?parent=9923"}],"wp:term":[{"taxonomy":"category","embeddable":true,"href":"https:\/\/catedra-alberto-benveniste.org\/en\/wp-json\/wp\/v2\/categories?post=9923"},{"taxonomy":"post_tag","embeddable":true,"href":"https:\/\/catedra-alberto-benveniste.org\/en\/wp-json\/wp\/v2\/tags?post=9923"}],"curies":[{"name":"wp","href":"https:\/\/api.w.org\/{rel}","templated":true}]}}