{"id":9922,"date":"2010-02-28T19:27:59","date_gmt":"2010-02-28T19:27:59","guid":{"rendered":"https:\/\/catedra-alberto-benveniste.org\/cursos-de-hebraico-e-de-judaismo-inscricoes-ate-11-de-dezembro\/"},"modified":"2010-02-28T19:27:59","modified_gmt":"2010-02-28T19:27:59","slug":"cursos-de-hebraico-e-de-judaismo-inscricoes-ate-11-de-dezembro","status":"publish","type":"post","link":"https:\/\/catedra-alberto-benveniste.org\/en\/cursos-de-hebraico-e-de-judaismo-inscricoes-ate-11-de-dezembro\/","title":{"rendered":"Cursos de Hebraico e de Juda\u00edsmo &#8211; Inscri\u00e7\u00f5es at\u00e9 11 de Dezembro"},"content":{"rendered":"<p>15.Set.2010 a 11.Dez.2010, Comunidade Israelita de Lisboa<br \/>\nA Comunidade Israelita de Lisboa organiza cursos de Hebraico e de Juda\u00edsmo abertos a n\u00e3o judeus.<br \/>\nPara qualquer informa\u00e7\u00e3o, ver o web site:<br \/>\nhttp:\/\/www.cilisboa.org\/rel_teach.htm<\/p>\n","protected":false},"excerpt":{"rendered":"<p>15.Set.2010 a 11.Dez.2010, Comunidade Israelita de Lisboa A Comunidade Israelita de Lisboa organiza cursos de Hebraico e de Juda\u00edsmo abertos a n\u00e3o judeus. Para qualquer informa\u00e7\u00e3o, ver o web site: http:\/\/www.cilisboa.org\/rel_teach.htm<\/p>\n","protected":false},"author":1,"featured_media":8189,"comment_status":"open","ping_status":"open","sticky":false,"template":"","format":"standard","meta":{"footnotes":""},"categories":[49],"tags":[],"class_list":["post-9922","post","type-post","status-publish","format-standard","has-post-thumbnail","hentry","category-noticias-en"],"_links":{"self":[{"href":"https:\/\/catedra-alberto-benveniste.org\/en\/wp-json\/wp\/v2\/posts\/9922","targetHints":{"allow":["GET"]}}],"collection":[{"href":"https:\/\/catedra-alberto-benveniste.org\/en\/wp-json\/wp\/v2\/posts"}],"about":[{"href":"https:\/\/catedra-alberto-benveniste.org\/en\/wp-json\/wp\/v2\/types\/post"}],"author":[{"embeddable":true,"href":"https:\/\/catedra-alberto-benveniste.org\/en\/wp-json\/wp\/v2\/users\/1"}],"replies":[{"embeddable":true,"href":"https:\/\/catedra-alberto-benveniste.org\/en\/wp-json\/wp\/v2\/comments?post=9922"}],"version-history":[{"count":0,"href":"https:\/\/catedra-alberto-benveniste.org\/en\/wp-json\/wp\/v2\/posts\/9922\/revisions"}],"wp:featuredmedia":[{"embeddable":true,"href":"https:\/\/catedra-alberto-benveniste.org\/en\/wp-json\/wp\/v2\/media\/8189"}],"wp:attachment":[{"href":"https:\/\/catedra-alberto-benveniste.org\/en\/wp-json\/wp\/v2\/media?parent=9922"}],"wp:term":[{"taxonomy":"category","embeddable":true,"href":"https:\/\/catedra-alberto-benveniste.org\/en\/wp-json\/wp\/v2\/categories?post=9922"},{"taxonomy":"post_tag","embeddable":true,"href":"https:\/\/catedra-alberto-benveniste.org\/en\/wp-json\/wp\/v2\/tags?post=9922"}],"curies":[{"name":"wp","href":"https:\/\/api.w.org\/{rel}","templated":true}]}}