{"id":9921,"date":"2010-03-15T12:19:59","date_gmt":"2010-03-15T12:19:59","guid":{"rendered":"https:\/\/catedra-alberto-benveniste.org\/sefarad-photo\/"},"modified":"2010-03-15T12:19:59","modified_gmt":"2010-03-15T12:19:59","slug":"sefarad-photo","status":"publish","type":"post","link":"https:\/\/catedra-alberto-benveniste.org\/en\/sefarad-photo\/","title":{"rendered":"SEFARAD PHOTO"},"content":{"rendered":"<p>22.Set.2009 a 30.Nov.2009, Madrid. Biblioteca Nacional. Sala Hip\u00f3stila<br \/>\nComemorando os 50 anos sobre a primeira exposi\u00e7\u00e3o realizada na Biblioteca Nacional sobre tem\u00e1tica sefardita (1959), a Casa Sefarad-Israel apresenta a \u201cSefarad photo\u201d. Esta mostra apresenta cerca de 70 fotos pertencentes, principalmente, \u00e0 Agencia EFE e aos fundos pr\u00f3pios da Biblioteca Nacional.<\/p>\n","protected":false},"excerpt":{"rendered":"<p>22.Set.2009 a 30.Nov.2009, Madrid. Biblioteca Nacional. Sala Hip\u00f3stila Comemorando os 50 anos sobre a primeira exposi\u00e7\u00e3o realizada na Biblioteca Nacional sobre tem\u00e1tica sefardita (1959), a Casa Sefarad-Israel apresenta a \u201cSefarad photo\u201d. Esta mostra apresenta cerca de 70 fotos pertencentes, principalmente, \u00e0 Agencia EFE e aos fundos pr\u00f3pios da Biblioteca Nacional.<\/p>\n","protected":false},"author":1,"featured_media":8190,"comment_status":"open","ping_status":"open","sticky":false,"template":"","format":"standard","meta":{"footnotes":""},"categories":[49],"tags":[],"class_list":["post-9921","post","type-post","status-publish","format-standard","has-post-thumbnail","hentry","category-noticias-en"],"_links":{"self":[{"href":"https:\/\/catedra-alberto-benveniste.org\/en\/wp-json\/wp\/v2\/posts\/9921","targetHints":{"allow":["GET"]}}],"collection":[{"href":"https:\/\/catedra-alberto-benveniste.org\/en\/wp-json\/wp\/v2\/posts"}],"about":[{"href":"https:\/\/catedra-alberto-benveniste.org\/en\/wp-json\/wp\/v2\/types\/post"}],"author":[{"embeddable":true,"href":"https:\/\/catedra-alberto-benveniste.org\/en\/wp-json\/wp\/v2\/users\/1"}],"replies":[{"embeddable":true,"href":"https:\/\/catedra-alberto-benveniste.org\/en\/wp-json\/wp\/v2\/comments?post=9921"}],"version-history":[{"count":0,"href":"https:\/\/catedra-alberto-benveniste.org\/en\/wp-json\/wp\/v2\/posts\/9921\/revisions"}],"wp:featuredmedia":[{"embeddable":true,"href":"https:\/\/catedra-alberto-benveniste.org\/en\/wp-json\/wp\/v2\/media\/8190"}],"wp:attachment":[{"href":"https:\/\/catedra-alberto-benveniste.org\/en\/wp-json\/wp\/v2\/media?parent=9921"}],"wp:term":[{"taxonomy":"category","embeddable":true,"href":"https:\/\/catedra-alberto-benveniste.org\/en\/wp-json\/wp\/v2\/categories?post=9921"},{"taxonomy":"post_tag","embeddable":true,"href":"https:\/\/catedra-alberto-benveniste.org\/en\/wp-json\/wp\/v2\/tags?post=9921"}],"curies":[{"name":"wp","href":"https:\/\/api.w.org\/{rel}","templated":true}]}}