{"id":9917,"date":"2010-05-13T07:47:59","date_gmt":"2010-05-13T07:47:59","guid":{"rendered":"https:\/\/catedra-alberto-benveniste.org\/encomende-o-dicionario-dos-sefarditas-portugueses-mercadores-e-gente-de-trato\/"},"modified":"2010-05-13T07:47:59","modified_gmt":"2010-05-13T07:47:59","slug":"encomende-o-dicionario-dos-sefarditas-portugueses-mercadores-e-gente-de-trato","status":"publish","type":"post","link":"https:\/\/catedra-alberto-benveniste.org\/en\/encomende-o-dicionario-dos-sefarditas-portugueses-mercadores-e-gente-de-trato\/","title":{"rendered":"ENCOMENDE o Dicion\u00e1rio dos Sefarditas Portugueses: Mercadores e Gente de Trato"},"content":{"rendered":"<p>A todos os interessados, \u00e9 possivel faze aqui a ENCOMENDA do Dicion\u00e1rio, que ser\u00e1 enviado por correio. Basta preencher o formul\u00e1rio: <a href=\"reservas.asp\">clique aqui<\/a> (pre\u00e7o de venda: 35 Euros).<\/p>\n<p class='attachment-link'><a href=\"https:\/\/catedra-alberto-benveniste.org\/wp-content\/uploads\/2024\/11\/Pages_from_dicionario_sefarditas.pdf\" target=\"_blank\" rel=\"noopener\">Pages_from_dicionario_sefarditas.pdf<\/a><\/p>\n","protected":false},"excerpt":{"rendered":"<p>A todos os interessados, \u00e9 possivel faze aqui a ENCOMENDA do Dicion\u00e1rio, que ser\u00e1 enviado por correio. Basta preencher o formul\u00e1rio: clique aqui (pre\u00e7o de venda: 35 Euros).<\/p>\n","protected":false},"author":1,"featured_media":8747,"comment_status":"open","ping_status":"open","sticky":false,"template":"","format":"standard","meta":{"footnotes":""},"categories":[49],"tags":[],"class_list":["post-9917","post","type-post","status-publish","format-standard","has-post-thumbnail","hentry","category-noticias-en"],"_links":{"self":[{"href":"https:\/\/catedra-alberto-benveniste.org\/en\/wp-json\/wp\/v2\/posts\/9917","targetHints":{"allow":["GET"]}}],"collection":[{"href":"https:\/\/catedra-alberto-benveniste.org\/en\/wp-json\/wp\/v2\/posts"}],"about":[{"href":"https:\/\/catedra-alberto-benveniste.org\/en\/wp-json\/wp\/v2\/types\/post"}],"author":[{"embeddable":true,"href":"https:\/\/catedra-alberto-benveniste.org\/en\/wp-json\/wp\/v2\/users\/1"}],"replies":[{"embeddable":true,"href":"https:\/\/catedra-alberto-benveniste.org\/en\/wp-json\/wp\/v2\/comments?post=9917"}],"version-history":[{"count":0,"href":"https:\/\/catedra-alberto-benveniste.org\/en\/wp-json\/wp\/v2\/posts\/9917\/revisions"}],"wp:featuredmedia":[{"embeddable":true,"href":"https:\/\/catedra-alberto-benveniste.org\/en\/wp-json\/wp\/v2\/media\/8747"}],"wp:attachment":[{"href":"https:\/\/catedra-alberto-benveniste.org\/en\/wp-json\/wp\/v2\/media?parent=9917"}],"wp:term":[{"taxonomy":"category","embeddable":true,"href":"https:\/\/catedra-alberto-benveniste.org\/en\/wp-json\/wp\/v2\/categories?post=9917"},{"taxonomy":"post_tag","embeddable":true,"href":"https:\/\/catedra-alberto-benveniste.org\/en\/wp-json\/wp\/v2\/tags?post=9917"}],"curies":[{"name":"wp","href":"https:\/\/api.w.org\/{rel}","templated":true}]}}