{"id":9916,"date":"2010-05-28T00:39:59","date_gmt":"2010-05-28T00:39:59","guid":{"rendered":"https:\/\/catedra-alberto-benveniste.org\/inquisicao-de-lisboa-on-line-ja-disponivel\/"},"modified":"2010-05-28T00:39:59","modified_gmt":"2010-05-28T00:39:59","slug":"inquisicao-de-lisboa-on-line-ja-disponivel","status":"publish","type":"post","link":"https:\/\/catedra-alberto-benveniste.org\/en\/inquisicao-de-lisboa-on-line-ja-disponivel\/","title":{"rendered":"Inquisi\u00e7\u00e3o de Lisboa on-line j\u00e1 dispon\u00edvel"},"content":{"rendered":"<p>O projecto Inquisi\u00e7\u00e3o de Lisboa on-line, em curso no Arquivo Nacional da Torre do Tombo desde finais de Julho de 2007 e tornado poss\u00edvel pelo mecenato da REN &#8211; Redes Energ\u00e9ticas Nacionais SGP, S.A., est\u00e1 finalmente acess\u00edvel ao p\u00fablico atrav\u00e9s da Internet.<br \/>\nhttp:\/\/digitarq.dgarq.gov.pt\/default.aspx?page=regShow&#038;ID=2299704&#038;searchMode=as<\/p>\n<p>Arquivos Nacionais \/ Torre do Tombo<\/p>\n<p>O trabalho foi desenvolvido em v\u00e1rias vertentes, desde o<br \/>\nimprescind\u00edvel tratamento e descri\u00e7\u00e3o arquiv\u00edstica, passando pela<br \/>\ninterven\u00e7\u00e3o curativa de alguma documenta\u00e7\u00e3o, at\u00e9 \u00e0 digitaliza\u00e7\u00e3o dos<br \/>\nprocessos e dos livros da Inquisi\u00e7\u00e3o de Lisboa, permitindo o acesso<br \/>\nremoto e gratuito a uma vast\u00edssima quantidade de documentos.<\/p>\n<p>Pode consultar os quase 18.000 registos de descri\u00e7\u00e3o de processos e<br \/>\ndocumenta\u00e7\u00e3o dispersa, e ver algumas das imagens associadas, estando<br \/>\ntamb\u00e9m dispon\u00edveis as diversas s\u00e9ries de livros, como os Cadernos do<br \/>\npromotor, Nefandos ou de Den\u00fancias, entre muitos outros.<\/p>\n","protected":false},"excerpt":{"rendered":"<p>O projecto Inquisi\u00e7\u00e3o de Lisboa on-line, em curso no Arquivo Nacional da Torre do Tombo desde finais de Julho de 2007 e tornado poss\u00edvel pelo mecenato da REN &#8211; Redes Energ\u00e9ticas Nacionais SGP, S.A., est\u00e1 finalmente acess\u00edvel ao p\u00fablico atrav\u00e9s da Internet.<br \/>\nhttp:\/\/digitarq.dgarq.gov.pt\/default.aspx?page=regShow&#038;ID=2299704&#038;searchMode=as<\/p>\n","protected":false},"author":1,"featured_media":8195,"comment_status":"open","ping_status":"open","sticky":false,"template":"","format":"standard","meta":{"footnotes":""},"categories":[49],"tags":[],"class_list":["post-9916","post","type-post","status-publish","format-standard","has-post-thumbnail","hentry","category-noticias-en"],"_links":{"self":[{"href":"https:\/\/catedra-alberto-benveniste.org\/en\/wp-json\/wp\/v2\/posts\/9916","targetHints":{"allow":["GET"]}}],"collection":[{"href":"https:\/\/catedra-alberto-benveniste.org\/en\/wp-json\/wp\/v2\/posts"}],"about":[{"href":"https:\/\/catedra-alberto-benveniste.org\/en\/wp-json\/wp\/v2\/types\/post"}],"author":[{"embeddable":true,"href":"https:\/\/catedra-alberto-benveniste.org\/en\/wp-json\/wp\/v2\/users\/1"}],"replies":[{"embeddable":true,"href":"https:\/\/catedra-alberto-benveniste.org\/en\/wp-json\/wp\/v2\/comments?post=9916"}],"version-history":[{"count":0,"href":"https:\/\/catedra-alberto-benveniste.org\/en\/wp-json\/wp\/v2\/posts\/9916\/revisions"}],"wp:featuredmedia":[{"embeddable":true,"href":"https:\/\/catedra-alberto-benveniste.org\/en\/wp-json\/wp\/v2\/media\/8195"}],"wp:attachment":[{"href":"https:\/\/catedra-alberto-benveniste.org\/en\/wp-json\/wp\/v2\/media?parent=9916"}],"wp:term":[{"taxonomy":"category","embeddable":true,"href":"https:\/\/catedra-alberto-benveniste.org\/en\/wp-json\/wp\/v2\/categories?post=9916"},{"taxonomy":"post_tag","embeddable":true,"href":"https:\/\/catedra-alberto-benveniste.org\/en\/wp-json\/wp\/v2\/tags?post=9916"}],"curies":[{"name":"wp","href":"https:\/\/api.w.org\/{rel}","templated":true}]}}