{"id":9915,"date":"2010-06-11T17:31:59","date_gmt":"2010-06-11T17:31:59","guid":{"rendered":"https:\/\/catedra-alberto-benveniste.org\/neuvieme-conference-alberto-benveniste\/"},"modified":"2010-06-11T17:31:59","modified_gmt":"2010-06-11T17:31:59","slug":"neuvieme-conference-alberto-benveniste","status":"publish","type":"post","link":"https:\/\/catedra-alberto-benveniste.org\/en\/neuvieme-conference-alberto-benveniste\/","title":{"rendered":"Neuvi\u00e8me conf\u00e9rence Alberto-Benveniste"},"content":{"rendered":"<p>L\u2019enfant et l\u2019inquisiteur dans l\u2019Espagne des XVIe et XVIIe si\u00e8cles<br \/>\npor Mich\u00e8le Escamilla, Professora Em\u00e9rita da Universidade Paris X &#8211; Nanterre<\/p>\n<p>25 de Janeiro de 2010, pelas 17.00h. Na Sorbonne, Anfiteatro Liard, 17 rue de la Sorbonne, 75005 Paris.<br \/>\nNesta sess\u00e3o ter\u00e1 ainda lugar a entrega dos Pr\u00e9mios Alberto Benveniste 2010:<\/p>\n<p>&#8211; em literatura: Eliette Ab\u00e9cassis, com o romance S\u00e9pharade (Albin Michel, 2009);<\/p>\n<p>&#8211; em investiga\u00e7\u00e3o: Katherine E. Fleming com Gr\u00e8ce &#8211;  Une histoire juive (Princeton University Press, 2008).<\/p>\n<p>Entrega da Bolsa Sara Marcos de Benveniste 2010 a S\u00e9bastien Ledoux (EPHE-Sorbonne) pela sua tese em curso sobre a hist\u00f3ria do \u201cdevoir de m\u00e9moire\u201d.<\/p>\n","protected":false},"excerpt":{"rendered":"<p>L\u2019enfant et l\u2019inquisiteur dans l\u2019Espagne des XVIe et XVIIe si\u00e8cles<br \/>\npor Mich\u00e8le Escamilla, Professora Em\u00e9rita da Universidade Paris X &#8211; Nanterre<\/p>\n","protected":false},"author":1,"featured_media":8196,"comment_status":"open","ping_status":"open","sticky":false,"template":"","format":"standard","meta":{"footnotes":""},"categories":[49],"tags":[],"class_list":["post-9915","post","type-post","status-publish","format-standard","has-post-thumbnail","hentry","category-noticias-en"],"_links":{"self":[{"href":"https:\/\/catedra-alberto-benveniste.org\/en\/wp-json\/wp\/v2\/posts\/9915","targetHints":{"allow":["GET"]}}],"collection":[{"href":"https:\/\/catedra-alberto-benveniste.org\/en\/wp-json\/wp\/v2\/posts"}],"about":[{"href":"https:\/\/catedra-alberto-benveniste.org\/en\/wp-json\/wp\/v2\/types\/post"}],"author":[{"embeddable":true,"href":"https:\/\/catedra-alberto-benveniste.org\/en\/wp-json\/wp\/v2\/users\/1"}],"replies":[{"embeddable":true,"href":"https:\/\/catedra-alberto-benveniste.org\/en\/wp-json\/wp\/v2\/comments?post=9915"}],"version-history":[{"count":0,"href":"https:\/\/catedra-alberto-benveniste.org\/en\/wp-json\/wp\/v2\/posts\/9915\/revisions"}],"wp:featuredmedia":[{"embeddable":true,"href":"https:\/\/catedra-alberto-benveniste.org\/en\/wp-json\/wp\/v2\/media\/8196"}],"wp:attachment":[{"href":"https:\/\/catedra-alberto-benveniste.org\/en\/wp-json\/wp\/v2\/media?parent=9915"}],"wp:term":[{"taxonomy":"category","embeddable":true,"href":"https:\/\/catedra-alberto-benveniste.org\/en\/wp-json\/wp\/v2\/categories?post=9915"},{"taxonomy":"post_tag","embeddable":true,"href":"https:\/\/catedra-alberto-benveniste.org\/en\/wp-json\/wp\/v2\/tags?post=9915"}],"curies":[{"name":"wp","href":"https:\/\/api.w.org\/{rel}","templated":true}]}}