{"id":9914,"date":"2010-06-26T10:23:59","date_gmt":"2010-06-26T10:23:59","guid":{"rendered":"https:\/\/catedra-alberto-benveniste.org\/cadernos-de-estudos-sefarditas-vol-8\/"},"modified":"2010-06-26T10:23:59","modified_gmt":"2010-06-26T10:23:59","slug":"cadernos-de-estudos-sefarditas-vol-8","status":"publish","type":"post","link":"https:\/\/catedra-alberto-benveniste.org\/en\/cadernos-de-estudos-sefarditas-vol-8\/","title":{"rendered":"Cadernos de Estudos Sefarditas &#8211; Vol. 8"},"content":{"rendered":"<p>Leia o texto de apresenta\u00e7\u00e3o do volume, da autoria do Prof. Doutor Ant\u00f3nio Andrade (Un. de Aveiro).<\/p>\n<p class='attachment-link'><a href=\"https:\/\/catedra-alberto-benveniste.org\/wp-content\/uploads\/2024\/11\/Cadernos8.doc\" target=\"_blank\" rel=\"noopener\">Cadernos8.doc<\/a><\/p>\n","protected":false},"excerpt":{"rendered":"<p>Leia o texto de apresenta\u00e7\u00e3o do volume, da autoria do Prof. Doutor Ant\u00f3nio Andrade (Un. de Aveiro). Cadernos8.doc<\/p>\n","protected":false},"author":1,"featured_media":8748,"comment_status":"open","ping_status":"open","sticky":false,"template":"","format":"standard","meta":{"footnotes":""},"categories":[49],"tags":[],"class_list":["post-9914","post","type-post","status-publish","format-standard","has-post-thumbnail","hentry","category-noticias-en"],"_links":{"self":[{"href":"https:\/\/catedra-alberto-benveniste.org\/en\/wp-json\/wp\/v2\/posts\/9914","targetHints":{"allow":["GET"]}}],"collection":[{"href":"https:\/\/catedra-alberto-benveniste.org\/en\/wp-json\/wp\/v2\/posts"}],"about":[{"href":"https:\/\/catedra-alberto-benveniste.org\/en\/wp-json\/wp\/v2\/types\/post"}],"author":[{"embeddable":true,"href":"https:\/\/catedra-alberto-benveniste.org\/en\/wp-json\/wp\/v2\/users\/1"}],"replies":[{"embeddable":true,"href":"https:\/\/catedra-alberto-benveniste.org\/en\/wp-json\/wp\/v2\/comments?post=9914"}],"version-history":[{"count":0,"href":"https:\/\/catedra-alberto-benveniste.org\/en\/wp-json\/wp\/v2\/posts\/9914\/revisions"}],"wp:featuredmedia":[{"embeddable":true,"href":"https:\/\/catedra-alberto-benveniste.org\/en\/wp-json\/wp\/v2\/media\/8748"}],"wp:attachment":[{"href":"https:\/\/catedra-alberto-benveniste.org\/en\/wp-json\/wp\/v2\/media?parent=9914"}],"wp:term":[{"taxonomy":"category","embeddable":true,"href":"https:\/\/catedra-alberto-benveniste.org\/en\/wp-json\/wp\/v2\/categories?post=9914"},{"taxonomy":"post_tag","embeddable":true,"href":"https:\/\/catedra-alberto-benveniste.org\/en\/wp-json\/wp\/v2\/tags?post=9914"}],"curies":[{"name":"wp","href":"https:\/\/api.w.org\/{rel}","templated":true}]}}