{"id":9913,"date":"2010-07-11T03:15:59","date_gmt":"2010-07-11T03:15:59","guid":{"rendered":"https:\/\/catedra-alberto-benveniste.org\/seminario-de-investigacao-com-o-prof-doutor-bruno-feitler-indigno-por-nao-poder-tomar-o-santissimo-sacramento-as-variacoes-do-uso-da-eucaristia-como-instrumento-punitivo-da-inquisicao-portuguesa\/"},"modified":"2010-07-11T03:15:59","modified_gmt":"2010-07-11T03:15:59","slug":"seminario-de-investigacao-com-o-prof-doutor-bruno-feitler-indigno-por-nao-poder-tomar-o-santissimo-sacramento-as-variacoes-do-uso-da-eucaristia-como-instrumento-punitivo-da-inquisicao-portuguesa","status":"publish","type":"post","link":"https:\/\/catedra-alberto-benveniste.org\/en\/seminario-de-investigacao-com-o-prof-doutor-bruno-feitler-indigno-por-nao-poder-tomar-o-santissimo-sacramento-as-variacoes-do-uso-da-eucaristia-como-instrumento-punitivo-da-inquisicao-portuguesa\/","title":{"rendered":"Semin\u00e1rio de Investiga\u00e7\u00e3o com o Prof. Doutor Bruno Feitler: &#8216;Indigno por n\u00e3o poder tomar o Sant\u00edssimo Sacramento&#8217;. As varia\u00e7\u00f5es do uso da eucaristia como instrumento punitivo da Inquisi\u00e7\u00e3o portuguesa"},"content":{"rendered":"<p>Sala 1.26, na Faculdade de Letras, dia 25 de Janeiro pelas 18.00h<\/p>\n","protected":false},"excerpt":{"rendered":"<p>Sala 1.26, na Faculdade de Letras, dia 25 de Janeiro pelas 18.00h<\/p>\n","protected":false},"author":1,"featured_media":8198,"comment_status":"open","ping_status":"open","sticky":false,"template":"","format":"standard","meta":{"footnotes":""},"categories":[49],"tags":[],"class_list":["post-9913","post","type-post","status-publish","format-standard","has-post-thumbnail","hentry","category-noticias-en"],"_links":{"self":[{"href":"https:\/\/catedra-alberto-benveniste.org\/en\/wp-json\/wp\/v2\/posts\/9913","targetHints":{"allow":["GET"]}}],"collection":[{"href":"https:\/\/catedra-alberto-benveniste.org\/en\/wp-json\/wp\/v2\/posts"}],"about":[{"href":"https:\/\/catedra-alberto-benveniste.org\/en\/wp-json\/wp\/v2\/types\/post"}],"author":[{"embeddable":true,"href":"https:\/\/catedra-alberto-benveniste.org\/en\/wp-json\/wp\/v2\/users\/1"}],"replies":[{"embeddable":true,"href":"https:\/\/catedra-alberto-benveniste.org\/en\/wp-json\/wp\/v2\/comments?post=9913"}],"version-history":[{"count":0,"href":"https:\/\/catedra-alberto-benveniste.org\/en\/wp-json\/wp\/v2\/posts\/9913\/revisions"}],"wp:featuredmedia":[{"embeddable":true,"href":"https:\/\/catedra-alberto-benveniste.org\/en\/wp-json\/wp\/v2\/media\/8198"}],"wp:attachment":[{"href":"https:\/\/catedra-alberto-benveniste.org\/en\/wp-json\/wp\/v2\/media?parent=9913"}],"wp:term":[{"taxonomy":"category","embeddable":true,"href":"https:\/\/catedra-alberto-benveniste.org\/en\/wp-json\/wp\/v2\/categories?post=9913"},{"taxonomy":"post_tag","embeddable":true,"href":"https:\/\/catedra-alberto-benveniste.org\/en\/wp-json\/wp\/v2\/tags?post=9913"}],"curies":[{"name":"wp","href":"https:\/\/api.w.org\/{rel}","templated":true}]}}