{"id":9909,"date":"2010-09-07T22:43:59","date_gmt":"2010-09-07T22:43:59","guid":{"rendered":"https:\/\/catedra-alberto-benveniste.org\/seminario-de-investigacao-com-o-prof-doutor-marco-antonio-nunes-da-silva-nos-carceres-nao-ha-segredo-nenhum-e-que-se-falam-mui-livremente-como-se-estivessem-em-suas-casas-comunicacoes-mantidas-n\/"},"modified":"2010-09-07T22:43:59","modified_gmt":"2010-09-07T22:43:59","slug":"seminario-de-investigacao-com-o-prof-doutor-marco-antonio-nunes-da-silva-nos-carceres-nao-ha-segredo-nenhum-e-que-se-falam-mui-livremente-como-se-estivessem-em-suas-casas-comunicacoes-mantidas-n","status":"publish","type":"post","link":"https:\/\/catedra-alberto-benveniste.org\/en\/seminario-de-investigacao-com-o-prof-doutor-marco-antonio-nunes-da-silva-nos-carceres-nao-ha-segredo-nenhum-e-que-se-falam-mui-livremente-como-se-estivessem-em-suas-casas-comunicacoes-mantidas-n\/","title":{"rendered":"Semin\u00e1rio de Investiga\u00e7\u00e3o com o Prof. Doutor Marco Ant\u00f4nio Nunes da Silva: &#8216;Nos c\u00e1rceres n\u00e3o h\u00e1 segredo nenhum e que se falam mui livremente como se estivessem em suas casas&#8217;. Comunica\u00e7\u00f5es  mantidas no interior dos c\u00e1rceres inquisitoriais"},"content":{"rendered":"<p>Sala 1.26, na Faculdade de Letras, dia 19 de Fevereiro pelas 18.00h<\/p>\n","protected":false},"excerpt":{"rendered":"<p>Sala 1.26, na Faculdade de Letras, dia 19 de Fevereiro pelas 18.00h<\/p>\n","protected":false},"author":1,"featured_media":8202,"comment_status":"open","ping_status":"open","sticky":false,"template":"","format":"standard","meta":{"footnotes":""},"categories":[49],"tags":[],"class_list":["post-9909","post","type-post","status-publish","format-standard","has-post-thumbnail","hentry","category-noticias-en"],"_links":{"self":[{"href":"https:\/\/catedra-alberto-benveniste.org\/en\/wp-json\/wp\/v2\/posts\/9909","targetHints":{"allow":["GET"]}}],"collection":[{"href":"https:\/\/catedra-alberto-benveniste.org\/en\/wp-json\/wp\/v2\/posts"}],"about":[{"href":"https:\/\/catedra-alberto-benveniste.org\/en\/wp-json\/wp\/v2\/types\/post"}],"author":[{"embeddable":true,"href":"https:\/\/catedra-alberto-benveniste.org\/en\/wp-json\/wp\/v2\/users\/1"}],"replies":[{"embeddable":true,"href":"https:\/\/catedra-alberto-benveniste.org\/en\/wp-json\/wp\/v2\/comments?post=9909"}],"version-history":[{"count":0,"href":"https:\/\/catedra-alberto-benveniste.org\/en\/wp-json\/wp\/v2\/posts\/9909\/revisions"}],"wp:featuredmedia":[{"embeddable":true,"href":"https:\/\/catedra-alberto-benveniste.org\/en\/wp-json\/wp\/v2\/media\/8202"}],"wp:attachment":[{"href":"https:\/\/catedra-alberto-benveniste.org\/en\/wp-json\/wp\/v2\/media?parent=9909"}],"wp:term":[{"taxonomy":"category","embeddable":true,"href":"https:\/\/catedra-alberto-benveniste.org\/en\/wp-json\/wp\/v2\/categories?post=9909"},{"taxonomy":"post_tag","embeddable":true,"href":"https:\/\/catedra-alberto-benveniste.org\/en\/wp-json\/wp\/v2\/tags?post=9909"}],"curies":[{"name":"wp","href":"https:\/\/api.w.org\/{rel}","templated":true}]}}