{"id":9907,"date":"2010-10-07T08:27:59","date_gmt":"2010-10-07T08:27:59","guid":{"rendered":"https:\/\/catedra-alberto-benveniste.org\/seminario-de-investigacao-com-a-dra-isabel-boavida-os-beta-israel-e-os-descendentes-da-casa-de-israel-na-etiopia-do-seculo-xvi\/"},"modified":"2010-10-07T08:27:59","modified_gmt":"2010-10-07T08:27:59","slug":"seminario-de-investigacao-com-a-dra-isabel-boavida-os-beta-israel-e-os-descendentes-da-casa-de-israel-na-etiopia-do-seculo-xvi","status":"publish","type":"post","link":"https:\/\/catedra-alberto-benveniste.org\/en\/seminario-de-investigacao-com-a-dra-isabel-boavida-os-beta-israel-e-os-descendentes-da-casa-de-israel-na-etiopia-do-seculo-xvi\/","title":{"rendered":"Semin\u00e1rio de Investiga\u00e7\u00e3o com a Dra. Isabel Boavida, Os Beta Israel e os descendentes da Casa de Israel na Eti\u00f3pia do s\u00e9culo XVI"},"content":{"rendered":"<p>Dia 18 de Mar\u00e7o, sala 5.2., Faculdade de Letras da Universidade de Lisboa, 18h<\/p>\n","protected":false},"excerpt":{"rendered":"<p>Dia 18 de Mar\u00e7o, sala 5.2., Faculdade de Letras da Universidade de Lisboa, 18h<\/p>\n","protected":false},"author":1,"featured_media":8204,"comment_status":"open","ping_status":"open","sticky":false,"template":"","format":"standard","meta":{"footnotes":""},"categories":[49],"tags":[],"class_list":["post-9907","post","type-post","status-publish","format-standard","has-post-thumbnail","hentry","category-noticias-en"],"_links":{"self":[{"href":"https:\/\/catedra-alberto-benveniste.org\/en\/wp-json\/wp\/v2\/posts\/9907","targetHints":{"allow":["GET"]}}],"collection":[{"href":"https:\/\/catedra-alberto-benveniste.org\/en\/wp-json\/wp\/v2\/posts"}],"about":[{"href":"https:\/\/catedra-alberto-benveniste.org\/en\/wp-json\/wp\/v2\/types\/post"}],"author":[{"embeddable":true,"href":"https:\/\/catedra-alberto-benveniste.org\/en\/wp-json\/wp\/v2\/users\/1"}],"replies":[{"embeddable":true,"href":"https:\/\/catedra-alberto-benveniste.org\/en\/wp-json\/wp\/v2\/comments?post=9907"}],"version-history":[{"count":0,"href":"https:\/\/catedra-alberto-benveniste.org\/en\/wp-json\/wp\/v2\/posts\/9907\/revisions"}],"wp:featuredmedia":[{"embeddable":true,"href":"https:\/\/catedra-alberto-benveniste.org\/en\/wp-json\/wp\/v2\/media\/8204"}],"wp:attachment":[{"href":"https:\/\/catedra-alberto-benveniste.org\/en\/wp-json\/wp\/v2\/media?parent=9907"}],"wp:term":[{"taxonomy":"category","embeddable":true,"href":"https:\/\/catedra-alberto-benveniste.org\/en\/wp-json\/wp\/v2\/categories?post=9907"},{"taxonomy":"post_tag","embeddable":true,"href":"https:\/\/catedra-alberto-benveniste.org\/en\/wp-json\/wp\/v2\/tags?post=9907"}],"curies":[{"name":"wp","href":"https:\/\/api.w.org\/{rel}","templated":true}]}}