{"id":9905,"date":"2010-11-05T18:11:59","date_gmt":"2010-11-05T18:11:59","guid":{"rendered":"https:\/\/catedra-alberto-benveniste.org\/obituario-aron-di-leone-leoni-1932-2010\/"},"modified":"2010-11-05T18:11:59","modified_gmt":"2010-11-05T18:11:59","slug":"obituario-aron-di-leone-leoni-1932-2010","status":"publish","type":"post","link":"https:\/\/catedra-alberto-benveniste.org\/en\/obituario-aron-di-leone-leoni-1932-2010\/","title":{"rendered":"Obitu\u00e1rio: Aron di Leone Leoni (1932-2010)"},"content":{"rendered":"<p>Faleceu no passado dia 17 de Mar\u00e7o o Dr. Aron di Leone Leoni, historiador de m\u00e9ritos firmados, cuja obra muito contribuiu para ajudar a tra\u00e7ar, de forma rigorosa e documentada, a Hist\u00f3ria da Na\u00e7\u00e3o Portuguesa e Espanhola, em particular no que concerne \u00e0s comunidades sefarditas em di\u00e1spora estabelecidas nos grandes centros europeus do s\u00e9culo XVI, sobretudo Ferrara, Veneza, Ancona, Pesaro, Antu\u00e9rpia ou Londres.<\/p>\n<p>A sua obra not\u00e1vel encontra-se dispersa tanto em estudos monogr\u00e1ficos como na colabora\u00e7\u00e3o ass\u00eddua prestada a v\u00e1rias revistas conceituadas de que destacamos, por exemplo, Zakhor \u2013 Rivista di Storia degli Ebrei d&#8217;Italia, Sefarad, Revista Portuguesa de Hist\u00f3ria, La Rassegna Mensile di Israel, Revue des \u00c9tudes Juives, Nuova Rivista Storica, The Jewish Quarterly Review, al\u00e9m dos pr\u00f3prios Cadernos de Estudos Sefarditas.<\/p>\n<p>Pela m\u00e3o do Dr. Aron di Leone Leoni, que nos concedeu o grato privil\u00e9gio da sua amizade, aprendemos a acompanhar de perto os tortuosos caminhos do desterro, trilhados pelos membros da Na\u00e7\u00e3o Portuguesa, ao longo de Quinhentos. N\u00e3o temos a menor d\u00favida de que seu trabalho e o seu exemplo continuar\u00e3o a abrir novos e promissores caminhos a todos aqueles que pretendam dedicar-se ao estudo das comunidades sefarditas portuguesas.<\/p>\n<p>Assinalamos, a este prop\u00f3sito, que o Dr. Aron di Leone Leoni deixa em fase adiantada de publica\u00e7\u00e3o uma obra monumental, corol\u00e1rio de muitos anos de investiga\u00e7\u00e3o aturada em v\u00e1rios arquivos europeus, sobretudo italianos, a que deu o t\u00edtulo &#8220;La Nazione Ebraica Spagnola e Portoghese di Ferrara (1492-1559). I suoi  rapporti col governo ducale e la popolazione locale ed i suoi legami con le Nazioni Portoghesi di Ancona, Pesaro e Venezia&#8221;. Estamos certos de que este estudo monogr\u00e1fico constituir\u00e1 um marco incontorn\u00e1vel no conhecimento da Na\u00e7\u00e3o Portuguesa e da pr\u00f3pria Hist\u00f3ria de Portugal. A sua publica\u00e7\u00e3o, dentro em breve, ser\u00e1, antes de mais, uma just\u00edssima homenagem \u00e0 mem\u00f3ria do Dr. Aron di Leone Leoni. <\/p>\n<p>Ant\u00f3nio Andrade (Universidade de Aveiro)<\/p>\n","protected":false},"excerpt":{"rendered":"<p>Faleceu no passado dia 17 de Mar\u00e7o o Dr. Aron di Leone Leoni, historiador de m\u00e9ritos firmados, cuja obra muito contribuiu para ajudar a tra\u00e7ar, de forma rigorosa e documentada, a Hist\u00f3ria da Na\u00e7\u00e3o Portuguesa e Espanhola, em particular no que concerne \u00e0s comunidades sefarditas em di\u00e1spora estabelecidas nos grandes centros europeus do s\u00e9culo XVI, [&hellip;]<\/p>\n","protected":false},"author":1,"featured_media":8206,"comment_status":"open","ping_status":"open","sticky":false,"template":"","format":"standard","meta":{"footnotes":""},"categories":[49],"tags":[],"class_list":["post-9905","post","type-post","status-publish","format-standard","has-post-thumbnail","hentry","category-noticias-en"],"_links":{"self":[{"href":"https:\/\/catedra-alberto-benveniste.org\/en\/wp-json\/wp\/v2\/posts\/9905","targetHints":{"allow":["GET"]}}],"collection":[{"href":"https:\/\/catedra-alberto-benveniste.org\/en\/wp-json\/wp\/v2\/posts"}],"about":[{"href":"https:\/\/catedra-alberto-benveniste.org\/en\/wp-json\/wp\/v2\/types\/post"}],"author":[{"embeddable":true,"href":"https:\/\/catedra-alberto-benveniste.org\/en\/wp-json\/wp\/v2\/users\/1"}],"replies":[{"embeddable":true,"href":"https:\/\/catedra-alberto-benveniste.org\/en\/wp-json\/wp\/v2\/comments?post=9905"}],"version-history":[{"count":0,"href":"https:\/\/catedra-alberto-benveniste.org\/en\/wp-json\/wp\/v2\/posts\/9905\/revisions"}],"wp:featuredmedia":[{"embeddable":true,"href":"https:\/\/catedra-alberto-benveniste.org\/en\/wp-json\/wp\/v2\/media\/8206"}],"wp:attachment":[{"href":"https:\/\/catedra-alberto-benveniste.org\/en\/wp-json\/wp\/v2\/media?parent=9905"}],"wp:term":[{"taxonomy":"category","embeddable":true,"href":"https:\/\/catedra-alberto-benveniste.org\/en\/wp-json\/wp\/v2\/categories?post=9905"},{"taxonomy":"post_tag","embeddable":true,"href":"https:\/\/catedra-alberto-benveniste.org\/en\/wp-json\/wp\/v2\/tags?post=9905"}],"curies":[{"name":"wp","href":"https:\/\/api.w.org\/{rel}","templated":true}]}}