{"id":9904,"date":"2010-11-20T11:03:59","date_gmt":"2010-11-20T11:03:59","guid":{"rendered":"https:\/\/catedra-alberto-benveniste.org\/curso-livre-introducao-a-arte-judaica\/"},"modified":"2010-11-20T11:03:59","modified_gmt":"2010-11-20T11:03:59","slug":"curso-livre-introducao-a-arte-judaica","status":"publish","type":"post","link":"https:\/\/catedra-alberto-benveniste.org\/en\/curso-livre-introducao-a-arte-judaica\/","title":{"rendered":"CURSO LIVRE: INTRODU\u00c7\u00c3O \u00c0 ARTE JUDAICA"},"content":{"rendered":"<p>2as feiras, das 18h30-20h00. Faculdade de Letras da Un. de Lisboa<br \/>\nPre\u00e7o de inscri\u00e7\u00e3o: 80 EUR<br \/>\n19 ABR. Existir\u00e1 uma Arte Judaica? (Dra. D\u00e9bora Matos).<br \/>\n26 ABR. Ciclo de Vida Judaica e Arte Ritual. (Dra. D\u00e9bora Matos).<br \/>\n3 MAI. Arte Judaica na Antiguidade. (Dra. D\u00e9bora Matos)<br \/>\n10 MAI. A Arte do Livro Judaico na Europa. Idade M\u00e9dia e Renascimento. (Dra. D\u00e9bora Matos)<br \/>\n17 MAI. A Arte do Livro Judaico em Portugal no s\u00e9culo XV (Dra. D\u00e9bora Matos)<br \/>\n24 MAI. O mecenato judaico e cripto-judaico em Portugal e na Di\u00e1spora nos s\u00e9culos XV e XVI. (Dra. Susana Mateus)<br \/>\n31 MAI. O outro lado: antijuda\u00edsmo na arte crist\u00e3 (s\u00e9cs. XII-XVI) (Prof. Lu\u00eds U. Afonso).<\/p>\n","protected":false},"excerpt":{"rendered":"<p>2as feiras, das 18h30-20h00. Faculdade de Letras da Un. de Lisboa Pre\u00e7o de inscri\u00e7\u00e3o: 80 EUR 19 ABR. Existir\u00e1 uma Arte Judaica? (Dra. D\u00e9bora Matos). 26 ABR. Ciclo de Vida Judaica e Arte Ritual. (Dra. D\u00e9bora Matos). 3 MAI. Arte Judaica na Antiguidade. (Dra. D\u00e9bora Matos) 10 MAI. A Arte do Livro Judaico na Europa. [&hellip;]<\/p>\n","protected":false},"author":1,"featured_media":8207,"comment_status":"open","ping_status":"open","sticky":false,"template":"","format":"standard","meta":{"footnotes":""},"categories":[49],"tags":[],"class_list":["post-9904","post","type-post","status-publish","format-standard","has-post-thumbnail","hentry","category-noticias-en"],"_links":{"self":[{"href":"https:\/\/catedra-alberto-benveniste.org\/en\/wp-json\/wp\/v2\/posts\/9904","targetHints":{"allow":["GET"]}}],"collection":[{"href":"https:\/\/catedra-alberto-benveniste.org\/en\/wp-json\/wp\/v2\/posts"}],"about":[{"href":"https:\/\/catedra-alberto-benveniste.org\/en\/wp-json\/wp\/v2\/types\/post"}],"author":[{"embeddable":true,"href":"https:\/\/catedra-alberto-benveniste.org\/en\/wp-json\/wp\/v2\/users\/1"}],"replies":[{"embeddable":true,"href":"https:\/\/catedra-alberto-benveniste.org\/en\/wp-json\/wp\/v2\/comments?post=9904"}],"version-history":[{"count":0,"href":"https:\/\/catedra-alberto-benveniste.org\/en\/wp-json\/wp\/v2\/posts\/9904\/revisions"}],"wp:featuredmedia":[{"embeddable":true,"href":"https:\/\/catedra-alberto-benveniste.org\/en\/wp-json\/wp\/v2\/media\/8207"}],"wp:attachment":[{"href":"https:\/\/catedra-alberto-benveniste.org\/en\/wp-json\/wp\/v2\/media?parent=9904"}],"wp:term":[{"taxonomy":"category","embeddable":true,"href":"https:\/\/catedra-alberto-benveniste.org\/en\/wp-json\/wp\/v2\/categories?post=9904"},{"taxonomy":"post_tag","embeddable":true,"href":"https:\/\/catedra-alberto-benveniste.org\/en\/wp-json\/wp\/v2\/tags?post=9904"}],"curies":[{"name":"wp","href":"https:\/\/api.w.org\/{rel}","templated":true}]}}