{"id":9901,"date":"2011-01-03T13:39:59","date_gmt":"2011-01-03T13:39:59","guid":{"rendered":"https:\/\/catedra-alberto-benveniste.org\/conferencia-do-prof-doutor-antonio-andrade-un-de-aveiro-a-senhora-e-os-destinos-da-nacao-portuguesa-o-caminho-de-amato-lusitano-e-de-duarte-gomes\/"},"modified":"2011-01-03T13:39:59","modified_gmt":"2011-01-03T13:39:59","slug":"conferencia-do-prof-doutor-antonio-andrade-un-de-aveiro-a-senhora-e-os-destinos-da-nacao-portuguesa-o-caminho-de-amato-lusitano-e-de-duarte-gomes","status":"publish","type":"post","link":"https:\/\/catedra-alberto-benveniste.org\/en\/conferencia-do-prof-doutor-antonio-andrade-un-de-aveiro-a-senhora-e-os-destinos-da-nacao-portuguesa-o-caminho-de-amato-lusitano-e-de-duarte-gomes\/","title":{"rendered":"Conferencia do Prof. Doutor  Ant\u00f3nio Andrade (Un. de Aveiro): &#8220;A Senhora e os destinos da Na\u00e7\u00e3o Portuguesa: o caminho de Amato Lusitano e de Duarte Gomes&#8221;"},"content":{"rendered":"<p>Dia 27 de Maio, na Faculdade de Letras da Universidade de Lisboa, sala 5.2, pelas 18.00h.<\/p>\n","protected":false},"excerpt":{"rendered":"<p>Dia 27 de Maio, na Faculdade de Letras da Universidade de Lisboa, sala 5.2, pelas 18.00h.<\/p>\n","protected":false},"author":1,"featured_media":8210,"comment_status":"open","ping_status":"open","sticky":false,"template":"","format":"standard","meta":{"footnotes":""},"categories":[49],"tags":[],"class_list":["post-9901","post","type-post","status-publish","format-standard","has-post-thumbnail","hentry","category-noticias-en"],"_links":{"self":[{"href":"https:\/\/catedra-alberto-benveniste.org\/en\/wp-json\/wp\/v2\/posts\/9901","targetHints":{"allow":["GET"]}}],"collection":[{"href":"https:\/\/catedra-alberto-benveniste.org\/en\/wp-json\/wp\/v2\/posts"}],"about":[{"href":"https:\/\/catedra-alberto-benveniste.org\/en\/wp-json\/wp\/v2\/types\/post"}],"author":[{"embeddable":true,"href":"https:\/\/catedra-alberto-benveniste.org\/en\/wp-json\/wp\/v2\/users\/1"}],"replies":[{"embeddable":true,"href":"https:\/\/catedra-alberto-benveniste.org\/en\/wp-json\/wp\/v2\/comments?post=9901"}],"version-history":[{"count":0,"href":"https:\/\/catedra-alberto-benveniste.org\/en\/wp-json\/wp\/v2\/posts\/9901\/revisions"}],"wp:featuredmedia":[{"embeddable":true,"href":"https:\/\/catedra-alberto-benveniste.org\/en\/wp-json\/wp\/v2\/media\/8210"}],"wp:attachment":[{"href":"https:\/\/catedra-alberto-benveniste.org\/en\/wp-json\/wp\/v2\/media?parent=9901"}],"wp:term":[{"taxonomy":"category","embeddable":true,"href":"https:\/\/catedra-alberto-benveniste.org\/en\/wp-json\/wp\/v2\/categories?post=9901"},{"taxonomy":"post_tag","embeddable":true,"href":"https:\/\/catedra-alberto-benveniste.org\/en\/wp-json\/wp\/v2\/tags?post=9901"}],"curies":[{"name":"wp","href":"https:\/\/api.w.org\/{rel}","templated":true}]}}