{"id":9896,"date":"2011-03-18T01:59:59","date_gmt":"2011-03-18T01:59:59","guid":{"rendered":"https:\/\/catedra-alberto-benveniste.org\/exposicao-arte-sinagogal-as-cores-do-tempo\/"},"modified":"2011-03-18T01:59:59","modified_gmt":"2011-03-18T01:59:59","slug":"exposicao-arte-sinagogal-as-cores-do-tempo","status":"publish","type":"post","link":"https:\/\/catedra-alberto-benveniste.org\/en\/exposicao-arte-sinagogal-as-cores-do-tempo\/","title":{"rendered":"Exposi\u00e7\u00e3o ARTE SINAGOGAL \u00abAs Cores do Tempo\u00bb"},"content":{"rendered":"<p>Arte Sinagogal na Mold\u00e1via Romena. Exposi\u00e7\u00e3o foto-documental.<\/p>\n<p>Museu Nacional de Arqueologia, de 3 a 30 de Agosto de 2010<\/p>\n","protected":false},"excerpt":{"rendered":"<p>Arte Sinagogal na Mold\u00e1via Romena. Exposi\u00e7\u00e3o foto-documental.<\/p>\n","protected":false},"author":1,"featured_media":8215,"comment_status":"open","ping_status":"open","sticky":false,"template":"","format":"standard","meta":{"footnotes":""},"categories":[49],"tags":[],"class_list":["post-9896","post","type-post","status-publish","format-standard","has-post-thumbnail","hentry","category-noticias-en"],"_links":{"self":[{"href":"https:\/\/catedra-alberto-benveniste.org\/en\/wp-json\/wp\/v2\/posts\/9896","targetHints":{"allow":["GET"]}}],"collection":[{"href":"https:\/\/catedra-alberto-benveniste.org\/en\/wp-json\/wp\/v2\/posts"}],"about":[{"href":"https:\/\/catedra-alberto-benveniste.org\/en\/wp-json\/wp\/v2\/types\/post"}],"author":[{"embeddable":true,"href":"https:\/\/catedra-alberto-benveniste.org\/en\/wp-json\/wp\/v2\/users\/1"}],"replies":[{"embeddable":true,"href":"https:\/\/catedra-alberto-benveniste.org\/en\/wp-json\/wp\/v2\/comments?post=9896"}],"version-history":[{"count":0,"href":"https:\/\/catedra-alberto-benveniste.org\/en\/wp-json\/wp\/v2\/posts\/9896\/revisions"}],"wp:featuredmedia":[{"embeddable":true,"href":"https:\/\/catedra-alberto-benveniste.org\/en\/wp-json\/wp\/v2\/media\/8215"}],"wp:attachment":[{"href":"https:\/\/catedra-alberto-benveniste.org\/en\/wp-json\/wp\/v2\/media?parent=9896"}],"wp:term":[{"taxonomy":"category","embeddable":true,"href":"https:\/\/catedra-alberto-benveniste.org\/en\/wp-json\/wp\/v2\/categories?post=9896"},{"taxonomy":"post_tag","embeddable":true,"href":"https:\/\/catedra-alberto-benveniste.org\/en\/wp-json\/wp\/v2\/tags?post=9896"}],"curies":[{"name":"wp","href":"https:\/\/api.w.org\/{rel}","templated":true}]}}