{"id":9892,"date":"2011-05-15T21:27:59","date_gmt":"2011-05-15T21:27:59","guid":{"rendered":"https:\/\/catedra-alberto-benveniste.org\/lancamento-do-livro-de-jorge-martins-a-republica-e-os-judeus\/"},"modified":"2011-05-15T21:27:59","modified_gmt":"2011-05-15T21:27:59","slug":"lancamento-do-livro-de-jorge-martins-a-republica-e-os-judeus","status":"publish","type":"post","link":"https:\/\/catedra-alberto-benveniste.org\/en\/lancamento-do-livro-de-jorge-martins-a-republica-e-os-judeus\/","title":{"rendered":"Lan\u00e7amento do livro de Jorge Martins &#8220;A REP\u00daBLICA E OS JUDEUS&#8221;"},"content":{"rendered":"<p>19 Outubro, pelas 18.00h, na C\u00e2mara Municipal de Lisboa<br \/>\nPelos seus livros publicados, nomeadamente os 3 volumes de Portugal e os Judeus (2006) e a Breve Hist\u00f3ria dos Judeus em Portugal (2009), Jorge Martins \u00e9 hoje, indubitavelmente, o maior historiador portugu\u00eas vivo do juda\u00edsmo. N\u00e3o \u00e9 de admirar, assim, que, em harmonia com as Comemora\u00e7\u00f5es do I Centen\u00e1rio da Rep\u00fablica, ora seja publicado o seu estudo A Rep\u00fablica e os Judeus (\u2026)<br \/>\nNo s\u00e9culo XX, especialmente no tempo da I Rep\u00fablica, s\u00e3o exemplarmente estudados e real\u00e7ados os casos dos projectos de coloniza\u00e7\u00e3o judaica de Mo\u00e7ambique e de Angola, que teriam mudado radicalmente a face econ\u00f3mica e religiosa destas col\u00f3nias portuguesas, elevando em muito o seu peso estrat\u00e9gico internacional, alterando porventura a totalidade subsequente da hist\u00f3ria portuguesa deste s\u00e9culo (\u2026)<br \/>\nSe, por via da pol\u00edtica do confronto directo com as institui\u00e7\u00f5es cat\u00f3licas, existe claramente uma \u201cquest\u00e3o religiosa\u201d na I Rep\u00fablica, n\u00e3o existe, como o estudo de Jorge Martins o prova com clareza, uma \u201cquest\u00e3o religiosa\u201d com as comunidades judaicas portuguesas. N\u00e3o existe, portanto, uma \u201cquest\u00e3o judaica\u201d na I Rep\u00fablica.<br \/>\nUm livro de aconselh\u00e1vel leitura no ano do 100\u00ba anivers\u00e1rio da implanta\u00e7\u00e3o da Rep\u00fablica.<br \/>\nDo pref\u00e1cio \u201cPurifica\u00e7\u00e3o da Mem\u00f3ria\u201d, Miguel Real<\/p>\n","protected":false},"excerpt":{"rendered":"<p>19 Outubro, pelas 18.00h, na C\u00e2mara Municipal de Lisboa Pelos seus livros publicados, nomeadamente os 3 volumes de Portugal e os Judeus (2006) e a Breve Hist\u00f3ria dos Judeus em Portugal (2009), Jorge Martins \u00e9 hoje, indubitavelmente, o maior historiador portugu\u00eas vivo do juda\u00edsmo. N\u00e3o \u00e9 de admirar, assim, que, em harmonia com as Comemora\u00e7\u00f5es [&hellip;]<\/p>\n","protected":false},"author":1,"featured_media":8219,"comment_status":"open","ping_status":"open","sticky":false,"template":"","format":"standard","meta":{"footnotes":""},"categories":[49],"tags":[],"class_list":["post-9892","post","type-post","status-publish","format-standard","has-post-thumbnail","hentry","category-noticias-en"],"_links":{"self":[{"href":"https:\/\/catedra-alberto-benveniste.org\/en\/wp-json\/wp\/v2\/posts\/9892","targetHints":{"allow":["GET"]}}],"collection":[{"href":"https:\/\/catedra-alberto-benveniste.org\/en\/wp-json\/wp\/v2\/posts"}],"about":[{"href":"https:\/\/catedra-alberto-benveniste.org\/en\/wp-json\/wp\/v2\/types\/post"}],"author":[{"embeddable":true,"href":"https:\/\/catedra-alberto-benveniste.org\/en\/wp-json\/wp\/v2\/users\/1"}],"replies":[{"embeddable":true,"href":"https:\/\/catedra-alberto-benveniste.org\/en\/wp-json\/wp\/v2\/comments?post=9892"}],"version-history":[{"count":0,"href":"https:\/\/catedra-alberto-benveniste.org\/en\/wp-json\/wp\/v2\/posts\/9892\/revisions"}],"wp:featuredmedia":[{"embeddable":true,"href":"https:\/\/catedra-alberto-benveniste.org\/en\/wp-json\/wp\/v2\/media\/8219"}],"wp:attachment":[{"href":"https:\/\/catedra-alberto-benveniste.org\/en\/wp-json\/wp\/v2\/media?parent=9892"}],"wp:term":[{"taxonomy":"category","embeddable":true,"href":"https:\/\/catedra-alberto-benveniste.org\/en\/wp-json\/wp\/v2\/categories?post=9892"},{"taxonomy":"post_tag","embeddable":true,"href":"https:\/\/catedra-alberto-benveniste.org\/en\/wp-json\/wp\/v2\/tags?post=9892"}],"curies":[{"name":"wp","href":"https:\/\/api.w.org\/{rel}","templated":true}]}}