{"id":9891,"date":"2011-05-30T14:19:59","date_gmt":"2011-05-30T14:19:59","guid":{"rendered":"https:\/\/catedra-alberto-benveniste.org\/i-festival-internacional-da-memoria-sefardita\/"},"modified":"2011-05-30T14:19:59","modified_gmt":"2011-05-30T14:19:59","slug":"i-festival-internacional-da-memoria-sefardita","status":"publish","type":"post","link":"https:\/\/catedra-alberto-benveniste.org\/en\/i-festival-internacional-da-memoria-sefardita\/","title":{"rendered":"I Festival Internacional da Mem\u00f3ria Sefardita"},"content":{"rendered":"<p>Mais informa\u00e7\u00f5es em:<br \/>\nhttp:\/\/www.festivalsefardita.com\/<\/p>\n<p>Serra da Estrela, de 1 a 7 de Novembro de 2010<\/p>\n","protected":false},"excerpt":{"rendered":"<p>Mais informa\u00e7\u00f5es em:<br \/>\nhttp:\/\/www.festivalsefardita.com\/<\/p>\n","protected":false},"author":1,"featured_media":8220,"comment_status":"open","ping_status":"open","sticky":false,"template":"","format":"standard","meta":{"footnotes":""},"categories":[49],"tags":[],"class_list":["post-9891","post","type-post","status-publish","format-standard","has-post-thumbnail","hentry","category-noticias-en"],"_links":{"self":[{"href":"https:\/\/catedra-alberto-benveniste.org\/en\/wp-json\/wp\/v2\/posts\/9891","targetHints":{"allow":["GET"]}}],"collection":[{"href":"https:\/\/catedra-alberto-benveniste.org\/en\/wp-json\/wp\/v2\/posts"}],"about":[{"href":"https:\/\/catedra-alberto-benveniste.org\/en\/wp-json\/wp\/v2\/types\/post"}],"author":[{"embeddable":true,"href":"https:\/\/catedra-alberto-benveniste.org\/en\/wp-json\/wp\/v2\/users\/1"}],"replies":[{"embeddable":true,"href":"https:\/\/catedra-alberto-benveniste.org\/en\/wp-json\/wp\/v2\/comments?post=9891"}],"version-history":[{"count":0,"href":"https:\/\/catedra-alberto-benveniste.org\/en\/wp-json\/wp\/v2\/posts\/9891\/revisions"}],"wp:featuredmedia":[{"embeddable":true,"href":"https:\/\/catedra-alberto-benveniste.org\/en\/wp-json\/wp\/v2\/media\/8220"}],"wp:attachment":[{"href":"https:\/\/catedra-alberto-benveniste.org\/en\/wp-json\/wp\/v2\/media?parent=9891"}],"wp:term":[{"taxonomy":"category","embeddable":true,"href":"https:\/\/catedra-alberto-benveniste.org\/en\/wp-json\/wp\/v2\/categories?post=9891"},{"taxonomy":"post_tag","embeddable":true,"href":"https:\/\/catedra-alberto-benveniste.org\/en\/wp-json\/wp\/v2\/tags?post=9891"}],"curies":[{"name":"wp","href":"https:\/\/api.w.org\/{rel}","templated":true}]}}