{"id":9886,"date":"2011-08-12T02:39:59","date_gmt":"2011-08-12T02:39:59","guid":{"rendered":"https:\/\/catedra-alberto-benveniste.org\/debate-beatriz-de-luna-gracia-nasci-de-alfama-a-istambul-uma-face-da-diaspora-sefardita-com-susana-bastos-mateus\/"},"modified":"2011-08-12T02:39:59","modified_gmt":"2011-08-12T02:39:59","slug":"debate-beatriz-de-luna-gracia-nasci-de-alfama-a-istambul-uma-face-da-diaspora-sefardita-com-susana-bastos-mateus","status":"publish","type":"post","link":"https:\/\/catedra-alberto-benveniste.org\/en\/debate-beatriz-de-luna-gracia-nasci-de-alfama-a-istambul-uma-face-da-diaspora-sefardita-com-susana-bastos-mateus\/","title":{"rendered":"Debate: Beatriz de Luna \/ Gracia Nasci: de Alfama a Istambul &#8211; uma face da di\u00e1spora sefardita com Susana Bastos Mateus"},"content":{"rendered":"<p>Local: Pal\u00e1cio do Beau S\u00e9jour<br \/>\nEstrada de Benfica, 368<\/p>\n<p>30 de Novembro de 2010, 18h, no Gabinete de Estudos Olisiponenses<\/p>\n","protected":false},"excerpt":{"rendered":"<p>Local: Pal\u00e1cio do Beau S\u00e9jour<br \/>\nEstrada de Benfica, 368<\/p>\n","protected":false},"author":1,"featured_media":8225,"comment_status":"open","ping_status":"open","sticky":false,"template":"","format":"standard","meta":{"footnotes":""},"categories":[49],"tags":[],"class_list":["post-9886","post","type-post","status-publish","format-standard","has-post-thumbnail","hentry","category-noticias-en"],"_links":{"self":[{"href":"https:\/\/catedra-alberto-benveniste.org\/en\/wp-json\/wp\/v2\/posts\/9886","targetHints":{"allow":["GET"]}}],"collection":[{"href":"https:\/\/catedra-alberto-benveniste.org\/en\/wp-json\/wp\/v2\/posts"}],"about":[{"href":"https:\/\/catedra-alberto-benveniste.org\/en\/wp-json\/wp\/v2\/types\/post"}],"author":[{"embeddable":true,"href":"https:\/\/catedra-alberto-benveniste.org\/en\/wp-json\/wp\/v2\/users\/1"}],"replies":[{"embeddable":true,"href":"https:\/\/catedra-alberto-benveniste.org\/en\/wp-json\/wp\/v2\/comments?post=9886"}],"version-history":[{"count":0,"href":"https:\/\/catedra-alberto-benveniste.org\/en\/wp-json\/wp\/v2\/posts\/9886\/revisions"}],"wp:featuredmedia":[{"embeddable":true,"href":"https:\/\/catedra-alberto-benveniste.org\/en\/wp-json\/wp\/v2\/media\/8225"}],"wp:attachment":[{"href":"https:\/\/catedra-alberto-benveniste.org\/en\/wp-json\/wp\/v2\/media?parent=9886"}],"wp:term":[{"taxonomy":"category","embeddable":true,"href":"https:\/\/catedra-alberto-benveniste.org\/en\/wp-json\/wp\/v2\/categories?post=9886"},{"taxonomy":"post_tag","embeddable":true,"href":"https:\/\/catedra-alberto-benveniste.org\/en\/wp-json\/wp\/v2\/tags?post=9886"}],"curies":[{"name":"wp","href":"https:\/\/api.w.org\/{rel}","templated":true}]}}