{"id":9883,"date":"2011-09-25T05:15:59","date_gmt":"2011-09-25T05:15:59","guid":{"rendered":"https:\/\/catedra-alberto-benveniste.org\/ronaldo-vainfas-lanca-tropico-dos-pecados-e-jerusalem-colonial\/"},"modified":"2011-09-25T05:15:59","modified_gmt":"2011-09-25T05:15:59","slug":"ronaldo-vainfas-lanca-tropico-dos-pecados-e-jerusalem-colonial","status":"publish","type":"post","link":"https:\/\/catedra-alberto-benveniste.org\/en\/ronaldo-vainfas-lanca-tropico-dos-pecados-e-jerusalem-colonial\/","title":{"rendered":"Ronaldo Vainfas lan\u00e7a Tr\u00f3pico dos Pecados e Jerusal\u00e9m Colonial"},"content":{"rendered":"<p>O historiador da Universidade Federal Fluminense, Ronaldo Vainfas far\u00e1 o lan\u00e7amento de nova edi\u00e7\u00e3o de seu cl\u00e1ssico Tr\u00f3pico dos Pecados no dia 13 de Dezembro. Na mesma oportunidade, lan\u00e7ar\u00e1 o seu mais novo livro, Jerusal\u00e9m Colonial: Judeus Portugueses no Brasil Holand\u00eas.<\/p>\n<p>Livraria Blooks. Praia de Botafogo, 316.  Rio de Janeiro BRASIL<\/p>\n","protected":false},"excerpt":{"rendered":"<p>O historiador da Universidade Federal Fluminense, Ronaldo Vainfas far\u00e1 o lan\u00e7amento de nova edi\u00e7\u00e3o de seu cl\u00e1ssico Tr\u00f3pico dos Pecados no dia 13 de Dezembro. Na mesma oportunidade, lan\u00e7ar\u00e1 o seu mais novo livro, Jerusal\u00e9m Colonial: Judeus Portugueses no Brasil Holand\u00eas.<\/p>\n","protected":false},"author":1,"featured_media":8752,"comment_status":"open","ping_status":"open","sticky":false,"template":"","format":"standard","meta":{"footnotes":""},"categories":[49],"tags":[],"class_list":["post-9883","post","type-post","status-publish","format-standard","has-post-thumbnail","hentry","category-noticias-en"],"_links":{"self":[{"href":"https:\/\/catedra-alberto-benveniste.org\/en\/wp-json\/wp\/v2\/posts\/9883","targetHints":{"allow":["GET"]}}],"collection":[{"href":"https:\/\/catedra-alberto-benveniste.org\/en\/wp-json\/wp\/v2\/posts"}],"about":[{"href":"https:\/\/catedra-alberto-benveniste.org\/en\/wp-json\/wp\/v2\/types\/post"}],"author":[{"embeddable":true,"href":"https:\/\/catedra-alberto-benveniste.org\/en\/wp-json\/wp\/v2\/users\/1"}],"replies":[{"embeddable":true,"href":"https:\/\/catedra-alberto-benveniste.org\/en\/wp-json\/wp\/v2\/comments?post=9883"}],"version-history":[{"count":0,"href":"https:\/\/catedra-alberto-benveniste.org\/en\/wp-json\/wp\/v2\/posts\/9883\/revisions"}],"wp:featuredmedia":[{"embeddable":true,"href":"https:\/\/catedra-alberto-benveniste.org\/en\/wp-json\/wp\/v2\/media\/8752"}],"wp:attachment":[{"href":"https:\/\/catedra-alberto-benveniste.org\/en\/wp-json\/wp\/v2\/media?parent=9883"}],"wp:term":[{"taxonomy":"category","embeddable":true,"href":"https:\/\/catedra-alberto-benveniste.org\/en\/wp-json\/wp\/v2\/categories?post=9883"},{"taxonomy":"post_tag","embeddable":true,"href":"https:\/\/catedra-alberto-benveniste.org\/en\/wp-json\/wp\/v2\/tags?post=9883"}],"curies":[{"name":"wp","href":"https:\/\/api.w.org\/{rel}","templated":true}]}}