{"id":9881,"date":"2011-10-24T14:59:59","date_gmt":"2011-10-24T14:59:59","guid":{"rendered":"https:\/\/catedra-alberto-benveniste.org\/simposio-internacional-de-estudos-inquisitoriais-historia-e-historiografia\/"},"modified":"2011-10-24T14:59:59","modified_gmt":"2011-10-24T14:59:59","slug":"simposio-internacional-de-estudos-inquisitoriais-historia-e-historiografia","status":"publish","type":"post","link":"https:\/\/catedra-alberto-benveniste.org\/en\/simposio-internacional-de-estudos-inquisitoriais-historia-e-historiografia\/","title":{"rendered":"Simp\u00f3sio Internacional de Estudos Inquisitoriais: Hist\u00f3ria e Historiografia"},"content":{"rendered":"<p>11 a 14 de agosto de 2011. Universidade Federal da Bahia &#8211; Salvador, Bahia &#8211; BRASIL<br \/>\nO evento objetiva reunir pesquisadores e estudiosos que nos falem da Institui\u00e7\u00e3o, mas tamb\u00e9m todos aqueles que usam as fontes inquisitorias para nos dar a conhecer outros campos do saber sobre a sociedade moderna e contempor\u00e2nea.<\/p>\n<p>Mais informa\u00e7\u00f5es no site: http:\/\/www.ufrb.edu.br\/simposioinquisicao\/ <\/p>\n","protected":false},"excerpt":{"rendered":"<p>11 a 14 de agosto de 2011. Universidade Federal da Bahia &#8211; Salvador, Bahia &#8211; BRASIL O evento objetiva reunir pesquisadores e estudiosos que nos falem da Institui\u00e7\u00e3o, mas tamb\u00e9m todos aqueles que usam as fontes inquisitorias para nos dar a conhecer outros campos do saber sobre a sociedade moderna e contempor\u00e2nea. Mais informa\u00e7\u00f5es no [&hellip;]<\/p>\n","protected":false},"author":1,"featured_media":8753,"comment_status":"open","ping_status":"open","sticky":false,"template":"","format":"standard","meta":{"footnotes":""},"categories":[49],"tags":[],"class_list":["post-9881","post","type-post","status-publish","format-standard","has-post-thumbnail","hentry","category-noticias-en"],"_links":{"self":[{"href":"https:\/\/catedra-alberto-benveniste.org\/en\/wp-json\/wp\/v2\/posts\/9881","targetHints":{"allow":["GET"]}}],"collection":[{"href":"https:\/\/catedra-alberto-benveniste.org\/en\/wp-json\/wp\/v2\/posts"}],"about":[{"href":"https:\/\/catedra-alberto-benveniste.org\/en\/wp-json\/wp\/v2\/types\/post"}],"author":[{"embeddable":true,"href":"https:\/\/catedra-alberto-benveniste.org\/en\/wp-json\/wp\/v2\/users\/1"}],"replies":[{"embeddable":true,"href":"https:\/\/catedra-alberto-benveniste.org\/en\/wp-json\/wp\/v2\/comments?post=9881"}],"version-history":[{"count":0,"href":"https:\/\/catedra-alberto-benveniste.org\/en\/wp-json\/wp\/v2\/posts\/9881\/revisions"}],"wp:featuredmedia":[{"embeddable":true,"href":"https:\/\/catedra-alberto-benveniste.org\/en\/wp-json\/wp\/v2\/media\/8753"}],"wp:attachment":[{"href":"https:\/\/catedra-alberto-benveniste.org\/en\/wp-json\/wp\/v2\/media?parent=9881"}],"wp:term":[{"taxonomy":"category","embeddable":true,"href":"https:\/\/catedra-alberto-benveniste.org\/en\/wp-json\/wp\/v2\/categories?post=9881"},{"taxonomy":"post_tag","embeddable":true,"href":"https:\/\/catedra-alberto-benveniste.org\/en\/wp-json\/wp\/v2\/tags?post=9881"}],"curies":[{"name":"wp","href":"https:\/\/api.w.org\/{rel}","templated":true}]}}