{"id":9877,"date":"2011-12-07T17:35:59","date_gmt":"2011-12-07T17:35:59","guid":{"rendered":"https:\/\/catedra-alberto-benveniste.org\/prof-herman-prins-salomon-recebe-doutoramento-honoris-causa-na-universidade-de-lisboa\/"},"modified":"2011-12-07T17:35:59","modified_gmt":"2011-12-07T17:35:59","slug":"prof-herman-prins-salomon-recebe-doutoramento-honoris-causa-na-universidade-de-lisboa","status":"publish","type":"post","link":"https:\/\/catedra-alberto-benveniste.org\/en\/prof-herman-prins-salomon-recebe-doutoramento-honoris-causa-na-universidade-de-lisboa\/","title":{"rendered":"Prof. Herman Prins Salomon recebe Doutoramento Honoris Causa na Universidade de Lisboa"},"content":{"rendered":"<p>Sal\u00e3o Nobre da Reitoria da Universidade de Lisboa, pelas 15h do dia 16 de Fevereiro<br \/>\nPrograma<\/p>\n<p>14h15 | Recep\u00e7\u00e3o dos convidados com a participa\u00e7\u00e3o da \u201cInoportuna\u201d, Tuna da Faculdade de Letras.<br \/>\n14h40 | Forma\u00e7\u00e3o do Cortejo Acad\u00e9mico (Reitoria &#8211; Sala do Senado).<br \/>\n14h55 | In\u00edcio do Cortejo Acad\u00e9mico.<\/p>\n<p>Sess\u00e3o Solene<br \/>\nSal\u00e3o Nobre<\/p>\n<p>15h00 | Coro da Universidade de Lisboa<br \/>\nDirec\u00e7\u00e3o Maestro Lu\u00eds Almeida<\/p>\n<p>15h05 | Abertura da sess\u00e3o pelo Reitor da Universidade de Lisboa, Prof. Doutor Ant\u00f3nio Sampaio da N\u00f3voa.<\/p>\n<p>15h15 | Cerim\u00f3nia de Outorga das Ins\u00edgnias de Doutor \u201cHonoris Causa\u201daos Doutores:<br \/>\nGiulia Lanciani, Professora Catedr\u00e1tica de Literatura Portuguesa e Brasileira da Universidade de Roma Tre,<br \/>\nHerman Prins Salomon, Professor Catedr\u00e1tico de Estudos Holandeses e Portugueses na State University de Nova Iorque em Albany, Estados Unidos da Am\u00e9rica,<br \/>\nV\u00edtor Aguiar e Silva, Professor Catedr\u00e1tico da Universidade do Minho.<\/p>\n<p>Os laureados s\u00e3o apadrinhados, respectivamente, pelos Professores Catedr\u00e1ticos Ivo Castro, Ant\u00f3nio M. Feij\u00f3 e Helena Buescu, da Faculdade de Letras da Universidade de Lisboa.<\/p>\n<p>16h40 | Encerramento da Sess\u00e3o Solene.<br \/>\n16h40 |Coro da Universidade de Lisboa<br \/>\nDirec\u00e7\u00e3o Maestro Lu\u00eds Almeida<\/p>\n<p>Ap\u00f3s a cerim\u00f3nia realiza-se um Porto de Honra (\u00c1trio dos Passos Perdidos da Reitoria).<\/p>\n<p>Convite<br \/>\n_________________________________________<br \/>\nCortejo Acad\u00e9mico: Traje acad\u00e9mico com ins\u00edgnias.<br \/>\nForma\u00e7\u00e3o do cortejo acad\u00e9mico, \u00e0s 14h40. Recep\u00e7\u00e3o de convidados, das 14h00 \u00e0s 14h55.<\/p>\n<p>Entrada por convite ou livre, sujeita \u00e0 lota\u00e7\u00e3o da sala.<\/p>\n<p>R.S.F.F.: At\u00e9 ao dia 14 de Fevereiro. Reitoria &#8211; N\u00facleo Cultural do DRE<br \/>\nTel.: 210 113 406 | Correio electr\u00f3nico: nucleocultural@reitoria.ul.pt<\/p>\n","protected":false},"excerpt":{"rendered":"<p>Sal\u00e3o Nobre da Reitoria da Universidade de Lisboa, pelas 15h do dia 16 de Fevereiro Programa 14h15 | Recep\u00e7\u00e3o dos convidados com a participa\u00e7\u00e3o da \u201cInoportuna\u201d, Tuna da Faculdade de Letras. 14h40 | Forma\u00e7\u00e3o do Cortejo Acad\u00e9mico (Reitoria &#8211; Sala do Senado). 14h55 | In\u00edcio do Cortejo Acad\u00e9mico. Sess\u00e3o Solene Sal\u00e3o Nobre 15h00 | Coro [&hellip;]<\/p>\n","protected":false},"author":1,"featured_media":8756,"comment_status":"open","ping_status":"open","sticky":false,"template":"","format":"standard","meta":{"footnotes":""},"categories":[49],"tags":[],"class_list":["post-9877","post","type-post","status-publish","format-standard","has-post-thumbnail","hentry","category-noticias-en"],"_links":{"self":[{"href":"https:\/\/catedra-alberto-benveniste.org\/en\/wp-json\/wp\/v2\/posts\/9877","targetHints":{"allow":["GET"]}}],"collection":[{"href":"https:\/\/catedra-alberto-benveniste.org\/en\/wp-json\/wp\/v2\/posts"}],"about":[{"href":"https:\/\/catedra-alberto-benveniste.org\/en\/wp-json\/wp\/v2\/types\/post"}],"author":[{"embeddable":true,"href":"https:\/\/catedra-alberto-benveniste.org\/en\/wp-json\/wp\/v2\/users\/1"}],"replies":[{"embeddable":true,"href":"https:\/\/catedra-alberto-benveniste.org\/en\/wp-json\/wp\/v2\/comments?post=9877"}],"version-history":[{"count":0,"href":"https:\/\/catedra-alberto-benveniste.org\/en\/wp-json\/wp\/v2\/posts\/9877\/revisions"}],"wp:featuredmedia":[{"embeddable":true,"href":"https:\/\/catedra-alberto-benveniste.org\/en\/wp-json\/wp\/v2\/media\/8756"}],"wp:attachment":[{"href":"https:\/\/catedra-alberto-benveniste.org\/en\/wp-json\/wp\/v2\/media?parent=9877"}],"wp:term":[{"taxonomy":"category","embeddable":true,"href":"https:\/\/catedra-alberto-benveniste.org\/en\/wp-json\/wp\/v2\/categories?post=9877"},{"taxonomy":"post_tag","embeddable":true,"href":"https:\/\/catedra-alberto-benveniste.org\/en\/wp-json\/wp\/v2\/tags?post=9877"}],"curies":[{"name":"wp","href":"https:\/\/api.w.org\/{rel}","templated":true}]}}