{"id":9875,"date":"2012-01-06T03:19:59","date_gmt":"2012-01-06T03:19:59","guid":{"rendered":"https:\/\/catedra-alberto-benveniste.org\/novo-livro-the-materials-of-the-image-coordenado-por-luis-afonso\/"},"modified":"2012-01-06T03:19:59","modified_gmt":"2012-01-06T03:19:59","slug":"novo-livro-the-materials-of-the-image-coordenado-por-luis-afonso","status":"publish","type":"post","link":"https:\/\/catedra-alberto-benveniste.org\/en\/novo-livro-the-materials-of-the-image-coordenado-por-luis-afonso\/","title":{"rendered":"NOVO LIVRO: The Materials of the Image, coordenado por Lu\u00eds Afonso"},"content":{"rendered":"<p>Veja o \u00edndice no ficheiro anexo<\/p>\n<p>J\u00e1 pode ser adquirido nas instala\u00e7\u00f5es da C\u00e1tedra \u00abAlberto Benveniste\u00bb<br \/>\nEncomendas para o e-mail: cat.ests.sefarditas@fl.ul.pt<br \/>\nPe\u00e7o: 13 Euros<\/p>\n<p class='attachment-link'><a href=\"https:\/\/catedra-alberto-benveniste.org\/wp-content\/uploads\/2024\/11\/TABLE_OF_CONTENTS_1-1.pdf\" target=\"_blank\" rel=\"noopener\">TABLE_OF_CONTENTS_(1).pdf<\/a><\/p>\n","protected":false},"excerpt":{"rendered":"<p>Veja o \u00edndice no ficheiro anexo<\/p>\n","protected":false},"author":1,"featured_media":8758,"comment_status":"open","ping_status":"open","sticky":false,"template":"","format":"standard","meta":{"footnotes":""},"categories":[49],"tags":[],"class_list":["post-9875","post","type-post","status-publish","format-standard","has-post-thumbnail","hentry","category-noticias-en"],"_links":{"self":[{"href":"https:\/\/catedra-alberto-benveniste.org\/en\/wp-json\/wp\/v2\/posts\/9875","targetHints":{"allow":["GET"]}}],"collection":[{"href":"https:\/\/catedra-alberto-benveniste.org\/en\/wp-json\/wp\/v2\/posts"}],"about":[{"href":"https:\/\/catedra-alberto-benveniste.org\/en\/wp-json\/wp\/v2\/types\/post"}],"author":[{"embeddable":true,"href":"https:\/\/catedra-alberto-benveniste.org\/en\/wp-json\/wp\/v2\/users\/1"}],"replies":[{"embeddable":true,"href":"https:\/\/catedra-alberto-benveniste.org\/en\/wp-json\/wp\/v2\/comments?post=9875"}],"version-history":[{"count":0,"href":"https:\/\/catedra-alberto-benveniste.org\/en\/wp-json\/wp\/v2\/posts\/9875\/revisions"}],"wp:featuredmedia":[{"embeddable":true,"href":"https:\/\/catedra-alberto-benveniste.org\/en\/wp-json\/wp\/v2\/media\/8758"}],"wp:attachment":[{"href":"https:\/\/catedra-alberto-benveniste.org\/en\/wp-json\/wp\/v2\/media?parent=9875"}],"wp:term":[{"taxonomy":"category","embeddable":true,"href":"https:\/\/catedra-alberto-benveniste.org\/en\/wp-json\/wp\/v2\/categories?post=9875"},{"taxonomy":"post_tag","embeddable":true,"href":"https:\/\/catedra-alberto-benveniste.org\/en\/wp-json\/wp\/v2\/tags?post=9875"}],"curies":[{"name":"wp","href":"https:\/\/api.w.org\/{rel}","templated":true}]}}