{"id":9874,"date":"2012-01-20T20:11:59","date_gmt":"2012-01-20T20:11:59","guid":{"rendered":"https:\/\/catedra-alberto-benveniste.org\/conferencia-de-beatrice-perez-universite-rennes-ii-le-marchand-de-seville-un-homme-dans-son-entrelacs-culturel-a-laube-du-xvie-siecle\/"},"modified":"2012-01-20T20:11:59","modified_gmt":"2012-01-20T20:11:59","slug":"conferencia-de-beatrice-perez-universite-rennes-ii-le-marchand-de-seville-un-homme-dans-son-entrelacs-culturel-a-laube-du-xvie-siecle","status":"publish","type":"post","link":"https:\/\/catedra-alberto-benveniste.org\/en\/conferencia-de-beatrice-perez-universite-rennes-ii-le-marchand-de-seville-un-homme-dans-son-entrelacs-culturel-a-laube-du-xvie-siecle\/","title":{"rendered":"Conferencia de B\u00e9atrice Perez (Universit\u00e9 Rennes II), &#8220;Le marchand de S\u00e9ville. Un homme dans son entrelacs culturel \u00e0 l&#8217;aube du XVIe si\u00e8cle&#8221;"},"content":{"rendered":"<p>Abertura do Ciclo de Conferencias 2011<\/p>\n<p>19 de Maio, Sala de Conferencias da Reitoria da Universidade de Lisboa, pelas 18:30h.<\/p>\n","protected":false},"excerpt":{"rendered":"<p>Abertura do Ciclo de Conferencias 2011<\/p>\n","protected":false},"author":1,"featured_media":8235,"comment_status":"open","ping_status":"open","sticky":false,"template":"","format":"standard","meta":{"footnotes":""},"categories":[49],"tags":[],"class_list":["post-9874","post","type-post","status-publish","format-standard","has-post-thumbnail","hentry","category-noticias-en"],"_links":{"self":[{"href":"https:\/\/catedra-alberto-benveniste.org\/en\/wp-json\/wp\/v2\/posts\/9874","targetHints":{"allow":["GET"]}}],"collection":[{"href":"https:\/\/catedra-alberto-benveniste.org\/en\/wp-json\/wp\/v2\/posts"}],"about":[{"href":"https:\/\/catedra-alberto-benveniste.org\/en\/wp-json\/wp\/v2\/types\/post"}],"author":[{"embeddable":true,"href":"https:\/\/catedra-alberto-benveniste.org\/en\/wp-json\/wp\/v2\/users\/1"}],"replies":[{"embeddable":true,"href":"https:\/\/catedra-alberto-benveniste.org\/en\/wp-json\/wp\/v2\/comments?post=9874"}],"version-history":[{"count":0,"href":"https:\/\/catedra-alberto-benveniste.org\/en\/wp-json\/wp\/v2\/posts\/9874\/revisions"}],"wp:featuredmedia":[{"embeddable":true,"href":"https:\/\/catedra-alberto-benveniste.org\/en\/wp-json\/wp\/v2\/media\/8235"}],"wp:attachment":[{"href":"https:\/\/catedra-alberto-benveniste.org\/en\/wp-json\/wp\/v2\/media?parent=9874"}],"wp:term":[{"taxonomy":"category","embeddable":true,"href":"https:\/\/catedra-alberto-benveniste.org\/en\/wp-json\/wp\/v2\/categories?post=9874"},{"taxonomy":"post_tag","embeddable":true,"href":"https:\/\/catedra-alberto-benveniste.org\/en\/wp-json\/wp\/v2\/tags?post=9874"}],"curies":[{"name":"wp","href":"https:\/\/api.w.org\/{rel}","templated":true}]}}