{"id":9873,"date":"2012-02-04T13:03:59","date_gmt":"2012-02-04T13:03:59","guid":{"rendered":"https:\/\/catedra-alberto-benveniste.org\/seminario-de-investigacao-grayce-souza-univ-estadual-do-sudoeste-da-bahia-movido-pela-loucura-ou-pela-fe-alexandre-henriques-e-a-trajetoria-de-vida-de-um-cristao-novo-e-sua-familia\/"},"modified":"2012-02-04T13:03:59","modified_gmt":"2012-02-04T13:03:59","slug":"seminario-de-investigacao-grayce-souza-univ-estadual-do-sudoeste-da-bahia-movido-pela-loucura-ou-pela-fe-alexandre-henriques-e-a-trajetoria-de-vida-de-um-cristao-novo-e-sua-familia","status":"publish","type":"post","link":"https:\/\/catedra-alberto-benveniste.org\/en\/seminario-de-investigacao-grayce-souza-univ-estadual-do-sudoeste-da-bahia-movido-pela-loucura-ou-pela-fe-alexandre-henriques-e-a-trajetoria-de-vida-de-um-cristao-novo-e-sua-familia\/","title":{"rendered":"Semin\u00e1rio de Investiga\u00e7\u00e3o: Grayce Souza (Univ. Estadual do Sudoeste da Bahia), &#8220;Movido pela loucura ou pela f\u00e9: Alexandre Henriques e a trajet\u00f3ria de vida de um crist\u00e3o novo e sua fam\u00edlia&#8221;"},"content":{"rendered":"<p>dia 17 de Maio, sala 1.26, Faculdade de Letras da Universidade de Lisboa, pelas 13h.<\/p>\n","protected":false},"excerpt":{"rendered":"<p>dia 17 de Maio, sala 1.26, Faculdade de Letras da Universidade de Lisboa, pelas 13h.<\/p>\n","protected":false},"author":1,"featured_media":8236,"comment_status":"open","ping_status":"open","sticky":false,"template":"","format":"standard","meta":{"footnotes":""},"categories":[49],"tags":[],"class_list":["post-9873","post","type-post","status-publish","format-standard","has-post-thumbnail","hentry","category-noticias-en"],"_links":{"self":[{"href":"https:\/\/catedra-alberto-benveniste.org\/en\/wp-json\/wp\/v2\/posts\/9873","targetHints":{"allow":["GET"]}}],"collection":[{"href":"https:\/\/catedra-alberto-benveniste.org\/en\/wp-json\/wp\/v2\/posts"}],"about":[{"href":"https:\/\/catedra-alberto-benveniste.org\/en\/wp-json\/wp\/v2\/types\/post"}],"author":[{"embeddable":true,"href":"https:\/\/catedra-alberto-benveniste.org\/en\/wp-json\/wp\/v2\/users\/1"}],"replies":[{"embeddable":true,"href":"https:\/\/catedra-alberto-benveniste.org\/en\/wp-json\/wp\/v2\/comments?post=9873"}],"version-history":[{"count":0,"href":"https:\/\/catedra-alberto-benveniste.org\/en\/wp-json\/wp\/v2\/posts\/9873\/revisions"}],"wp:featuredmedia":[{"embeddable":true,"href":"https:\/\/catedra-alberto-benveniste.org\/en\/wp-json\/wp\/v2\/media\/8236"}],"wp:attachment":[{"href":"https:\/\/catedra-alberto-benveniste.org\/en\/wp-json\/wp\/v2\/media?parent=9873"}],"wp:term":[{"taxonomy":"category","embeddable":true,"href":"https:\/\/catedra-alberto-benveniste.org\/en\/wp-json\/wp\/v2\/categories?post=9873"},{"taxonomy":"post_tag","embeddable":true,"href":"https:\/\/catedra-alberto-benveniste.org\/en\/wp-json\/wp\/v2\/tags?post=9873"}],"curies":[{"name":"wp","href":"https:\/\/api.w.org\/{rel}","templated":true}]}}