{"id":9870,"date":"2012-03-04T22:47:59","date_gmt":"2012-03-04T22:47:59","guid":{"rendered":"https:\/\/catedra-alberto-benveniste.org\/conferencia-de-angelo-adriano-assis-universidade-federal-de-vicosa-joao-nunes-um-rabi-escatologico-na-nova-lusitania-sociedade-colonial-e-inquisicao-no-nordeste-quinhentista\/"},"modified":"2012-03-04T22:47:59","modified_gmt":"2012-03-04T22:47:59","slug":"conferencia-de-angelo-adriano-assis-universidade-federal-de-vicosa-joao-nunes-um-rabi-escatologico-na-nova-lusitania-sociedade-colonial-e-inquisicao-no-nordeste-quinhentista","status":"publish","type":"post","link":"https:\/\/catedra-alberto-benveniste.org\/en\/conferencia-de-angelo-adriano-assis-universidade-federal-de-vicosa-joao-nunes-um-rabi-escatologico-na-nova-lusitania-sociedade-colonial-e-inquisicao-no-nordeste-quinhentista\/","title":{"rendered":"Confer\u00eancia de \u00c2ngelo Adriano Assis (Universidade Federal de Vi\u00e7osa), &#8220;Jo\u00e3o Nunes: Um Rabi escatol\u00f3gico na Nova Lusit\u00e2nia. Sociedade colonial e Inquisi\u00e7\u00e3o no Nordeste Quinhentista&#8221;"},"content":{"rendered":"<p>Evento integrado no Ciclo de Confer\u00eancias 2011<\/p>\n<p>26 de Maio, pelas 18.30h, no Anfiteatro III da Faculdade de Letras<\/p>\n","protected":false},"excerpt":{"rendered":"<p>Evento integrado no Ciclo de Confer\u00eancias 2011<\/p>\n","protected":false},"author":1,"featured_media":8759,"comment_status":"open","ping_status":"open","sticky":false,"template":"","format":"standard","meta":{"footnotes":""},"categories":[49],"tags":[],"class_list":["post-9870","post","type-post","status-publish","format-standard","has-post-thumbnail","hentry","category-noticias-en"],"_links":{"self":[{"href":"https:\/\/catedra-alberto-benveniste.org\/en\/wp-json\/wp\/v2\/posts\/9870","targetHints":{"allow":["GET"]}}],"collection":[{"href":"https:\/\/catedra-alberto-benveniste.org\/en\/wp-json\/wp\/v2\/posts"}],"about":[{"href":"https:\/\/catedra-alberto-benveniste.org\/en\/wp-json\/wp\/v2\/types\/post"}],"author":[{"embeddable":true,"href":"https:\/\/catedra-alberto-benveniste.org\/en\/wp-json\/wp\/v2\/users\/1"}],"replies":[{"embeddable":true,"href":"https:\/\/catedra-alberto-benveniste.org\/en\/wp-json\/wp\/v2\/comments?post=9870"}],"version-history":[{"count":0,"href":"https:\/\/catedra-alberto-benveniste.org\/en\/wp-json\/wp\/v2\/posts\/9870\/revisions"}],"wp:featuredmedia":[{"embeddable":true,"href":"https:\/\/catedra-alberto-benveniste.org\/en\/wp-json\/wp\/v2\/media\/8759"}],"wp:attachment":[{"href":"https:\/\/catedra-alberto-benveniste.org\/en\/wp-json\/wp\/v2\/media?parent=9870"}],"wp:term":[{"taxonomy":"category","embeddable":true,"href":"https:\/\/catedra-alberto-benveniste.org\/en\/wp-json\/wp\/v2\/categories?post=9870"},{"taxonomy":"post_tag","embeddable":true,"href":"https:\/\/catedra-alberto-benveniste.org\/en\/wp-json\/wp\/v2\/tags?post=9870"}],"curies":[{"name":"wp","href":"https:\/\/api.w.org\/{rel}","templated":true}]}}