{"id":9869,"date":"2012-03-19T15:39:59","date_gmt":"2012-03-19T15:39:59","guid":{"rendered":"https:\/\/catedra-alberto-benveniste.org\/ciclo-de-conferencias-dioscorides-e-o-humanismo-portugues-os-comentarios-de-amato-lusitano\/"},"modified":"2012-03-19T15:39:59","modified_gmt":"2012-03-19T15:39:59","slug":"ciclo-de-conferencias-dioscorides-e-o-humanismo-portugues-os-comentarios-de-amato-lusitano","status":"publish","type":"post","link":"https:\/\/catedra-alberto-benveniste.org\/en\/ciclo-de-conferencias-dioscorides-e-o-humanismo-portugues-os-comentarios-de-amato-lusitano\/","title":{"rendered":"Ciclo de Confer\u00eancias &#8220;Diosc\u00f3rides e o Humanismo Portugu\u00eas: Os Coment\u00e1rios de Amato Lusitano&#8221;"},"content":{"rendered":"<p>31 de Maio no Audit\u00f3rio do Museu de Aveiro<br \/>\nPrograma:<br \/>\n9.30h \u2013 Francisco Cort\u00e9s Gabaudan<br \/>\n(Universidade de Salamanca \u2013 Departamento de Filolog\u00eda Cl\u00e1sica e Indoeuropeo)<br \/>\nPresentaci\u00f3n del Diosc\u00f3rides Interactivo. Edici\u00f3n web del Manuscrito de Salamanca<\/p>\n<p>10.30h \u2013 Visita ao Museu<\/p>\n<p>11.30h \u2013 Ant\u00f3nio Louren\u00e7o Marques<br \/>\n(Universidade da Beira Interior \u2013 Faculdade de Ci\u00eancias da Sa\u00fade)<br \/>\nAmato Lusitano na fronteira do pensamento da ci\u00eancia m\u00e9dica<\/p>\n<p>12h \u2013 Teresa Nobre de Carvalho<br \/>\n(Universidade de Lisboa \u2013 Faculdade de Ci\u00eancias \u2013 CIUHCT)<br \/>\nOs simples dos Col\u00f3quios de Garcia de Orta<\/p>\n<p class='attachment-link'><a href=\"https:\/\/catedra-alberto-benveniste.org\/wp-content\/uploads\/2024\/11\/Programa_Amato.pdf\" target=\"_blank\" rel=\"noopener\">Programa_Amato.pdf<\/a><\/p>\n","protected":false},"excerpt":{"rendered":"<p>31 de Maio no Audit\u00f3rio do Museu de Aveiro Programa: 9.30h \u2013 Francisco Cort\u00e9s Gabaudan (Universidade de Salamanca \u2013 Departamento de Filolog\u00eda Cl\u00e1sica e Indoeuropeo) Presentaci\u00f3n del Diosc\u00f3rides Interactivo. Edici\u00f3n web del Manuscrito de Salamanca 10.30h \u2013 Visita ao Museu 11.30h \u2013 Ant\u00f3nio Louren\u00e7o Marques (Universidade da Beira Interior \u2013 Faculdade de Ci\u00eancias da Sa\u00fade) [&hellip;]<\/p>\n","protected":false},"author":1,"featured_media":8239,"comment_status":"open","ping_status":"open","sticky":false,"template":"","format":"standard","meta":{"footnotes":""},"categories":[49],"tags":[],"class_list":["post-9869","post","type-post","status-publish","format-standard","has-post-thumbnail","hentry","category-noticias-en"],"_links":{"self":[{"href":"https:\/\/catedra-alberto-benveniste.org\/en\/wp-json\/wp\/v2\/posts\/9869","targetHints":{"allow":["GET"]}}],"collection":[{"href":"https:\/\/catedra-alberto-benveniste.org\/en\/wp-json\/wp\/v2\/posts"}],"about":[{"href":"https:\/\/catedra-alberto-benveniste.org\/en\/wp-json\/wp\/v2\/types\/post"}],"author":[{"embeddable":true,"href":"https:\/\/catedra-alberto-benveniste.org\/en\/wp-json\/wp\/v2\/users\/1"}],"replies":[{"embeddable":true,"href":"https:\/\/catedra-alberto-benveniste.org\/en\/wp-json\/wp\/v2\/comments?post=9869"}],"version-history":[{"count":0,"href":"https:\/\/catedra-alberto-benveniste.org\/en\/wp-json\/wp\/v2\/posts\/9869\/revisions"}],"wp:featuredmedia":[{"embeddable":true,"href":"https:\/\/catedra-alberto-benveniste.org\/en\/wp-json\/wp\/v2\/media\/8239"}],"wp:attachment":[{"href":"https:\/\/catedra-alberto-benveniste.org\/en\/wp-json\/wp\/v2\/media?parent=9869"}],"wp:term":[{"taxonomy":"category","embeddable":true,"href":"https:\/\/catedra-alberto-benveniste.org\/en\/wp-json\/wp\/v2\/categories?post=9869"},{"taxonomy":"post_tag","embeddable":true,"href":"https:\/\/catedra-alberto-benveniste.org\/en\/wp-json\/wp\/v2\/tags?post=9869"}],"curies":[{"name":"wp","href":"https:\/\/api.w.org\/{rel}","templated":true}]}}