{"id":9867,"date":"2012-04-18T01:23:59","date_gmt":"2012-04-18T01:23:59","guid":{"rendered":"https:\/\/catedra-alberto-benveniste.org\/conferencia-de-maria-filomena-barros-universidade-de-evora-as-minorias-e-a-cristandade-judeus-e-muculmanos-no-portugal-medieval\/"},"modified":"2012-04-18T01:23:59","modified_gmt":"2012-04-18T01:23:59","slug":"conferencia-de-maria-filomena-barros-universidade-de-evora-as-minorias-e-a-cristandade-judeus-e-muculmanos-no-portugal-medieval","status":"publish","type":"post","link":"https:\/\/catedra-alberto-benveniste.org\/en\/conferencia-de-maria-filomena-barros-universidade-de-evora-as-minorias-e-a-cristandade-judeus-e-muculmanos-no-portugal-medieval\/","title":{"rendered":"Confer\u00eancia de Maria Filomena Barros (Universidade de \u00c9vora): &#8220;As minorias e a Cristandade: Judeus e Mu\u00e7ulmanos no Portugal Medieval&#8221;"},"content":{"rendered":"<p>Confer\u00eancia integrada no Ciclo 2011<\/p>\n<p>2 de Junho, pelas 18.30h, no Anf. III da Faculdade de Letras da Un. de Lisboa<\/p>\n","protected":false},"excerpt":{"rendered":"<p>Confer\u00eancia integrada no Ciclo 2011<\/p>\n","protected":false},"author":1,"featured_media":8241,"comment_status":"open","ping_status":"open","sticky":false,"template":"","format":"standard","meta":{"footnotes":""},"categories":[49],"tags":[],"class_list":["post-9867","post","type-post","status-publish","format-standard","has-post-thumbnail","hentry","category-noticias-en"],"_links":{"self":[{"href":"https:\/\/catedra-alberto-benveniste.org\/en\/wp-json\/wp\/v2\/posts\/9867","targetHints":{"allow":["GET"]}}],"collection":[{"href":"https:\/\/catedra-alberto-benveniste.org\/en\/wp-json\/wp\/v2\/posts"}],"about":[{"href":"https:\/\/catedra-alberto-benveniste.org\/en\/wp-json\/wp\/v2\/types\/post"}],"author":[{"embeddable":true,"href":"https:\/\/catedra-alberto-benveniste.org\/en\/wp-json\/wp\/v2\/users\/1"}],"replies":[{"embeddable":true,"href":"https:\/\/catedra-alberto-benveniste.org\/en\/wp-json\/wp\/v2\/comments?post=9867"}],"version-history":[{"count":0,"href":"https:\/\/catedra-alberto-benveniste.org\/en\/wp-json\/wp\/v2\/posts\/9867\/revisions"}],"wp:featuredmedia":[{"embeddable":true,"href":"https:\/\/catedra-alberto-benveniste.org\/en\/wp-json\/wp\/v2\/media\/8241"}],"wp:attachment":[{"href":"https:\/\/catedra-alberto-benveniste.org\/en\/wp-json\/wp\/v2\/media?parent=9867"}],"wp:term":[{"taxonomy":"category","embeddable":true,"href":"https:\/\/catedra-alberto-benveniste.org\/en\/wp-json\/wp\/v2\/categories?post=9867"},{"taxonomy":"post_tag","embeddable":true,"href":"https:\/\/catedra-alberto-benveniste.org\/en\/wp-json\/wp\/v2\/tags?post=9867"}],"curies":[{"name":"wp","href":"https:\/\/api.w.org\/{rel}","templated":true}]}}