{"id":9865,"date":"2012-05-17T11:07:59","date_gmt":"2012-05-17T11:07:59","guid":{"rendered":"https:\/\/catedra-alberto-benveniste.org\/seminario-de-investigacao-yllan-de-mattos-universidade-federal-fluminense-uma-visitacao-fora-de-seu-tempo-o-santo-oficio-no-grao-para-pombalino-1763-1773\/"},"modified":"2012-05-17T11:07:59","modified_gmt":"2012-05-17T11:07:59","slug":"seminario-de-investigacao-yllan-de-mattos-universidade-federal-fluminense-uma-visitacao-fora-de-seu-tempo-o-santo-oficio-no-grao-para-pombalino-1763-1773","status":"publish","type":"post","link":"https:\/\/catedra-alberto-benveniste.org\/en\/seminario-de-investigacao-yllan-de-mattos-universidade-federal-fluminense-uma-visitacao-fora-de-seu-tempo-o-santo-oficio-no-grao-para-pombalino-1763-1773\/","title":{"rendered":"Semin\u00e1rio de Investiga\u00e7\u00e3o: Yllan de Mattos (Universidade Federal Fluminense) &#8211; Uma Visita\u00e7\u00e3o fora de seu tempo? O Santo Of\u00edcio no Gr\u00e3o-Par\u00e1 pombalino (1763-1773)"},"content":{"rendered":"<p> Este estudo analisa a Visita\u00e7\u00e3o do Santo Of\u00edcio ao Estado do Gr\u00e3o-Par\u00e1, tomando as rela\u00e7\u00f5es pol\u00edtico-institucionais entre a administra\u00e7\u00e3o colonial, a Inquisi\u00e7\u00e3o e o bispado com o fito de explorar o como e indagar os porqu\u00eas da Visita em um contexto aparentemente t\u00e3o anacr\u00f4nico. Assim, parte-se do pressuposto de que esta visita\u00e7\u00e3o serviu ao projeto pombalino na tarefa de conhecer as gentes e as terras do Cabo Norte.<\/p>\n<p>C\u00e1tedra de Estudos Sefarditas &#8220;Alberto Benveniste&#8221;, Dia 20 de junho, \u00e0s 18:00h<br \/>\n Este estudo analisa a Visita\u00e7\u00e3o do Santo Of\u00edcio ao Estado do Gr\u00e3o-Par\u00e1, tomando as rela\u00e7\u00f5es pol\u00edtico-institucionais entre a administra\u00e7\u00e3o colonial, a Inquisi\u00e7\u00e3o e o bispado com o fito de explorar o como e indagar os porqu\u00eas da Visita em um contexto aparentemente t\u00e3o anacr\u00f4nico. Assim, parte-se do pressuposto de que esta visita\u00e7\u00e3o serviu ao projeto pombalino na tarefa de conhecer as gentes e as terras do Cabo Norte.<\/p>\n","protected":false},"excerpt":{"rendered":"<p>Este estudo analisa a Visita\u00e7\u00e3o do Santo Of\u00edcio ao Estado do Gr\u00e3o-Par\u00e1, tomando as rela\u00e7\u00f5es pol\u00edtico-institucionais entre a administra\u00e7\u00e3o colonial, a Inquisi\u00e7\u00e3o e o bispado com o fito de explorar o como e indagar os porqu\u00eas da Visita em um contexto aparentemente t\u00e3o anacr\u00f4nico. Assim, parte-se do pressuposto de que esta visita\u00e7\u00e3o serviu ao projeto pombalino na tarefa de conhecer as gentes e as terras do Cabo Norte.<\/p>\n","protected":false},"author":1,"featured_media":8243,"comment_status":"open","ping_status":"open","sticky":false,"template":"","format":"standard","meta":{"footnotes":""},"categories":[49],"tags":[],"class_list":["post-9865","post","type-post","status-publish","format-standard","has-post-thumbnail","hentry","category-noticias-en"],"_links":{"self":[{"href":"https:\/\/catedra-alberto-benveniste.org\/en\/wp-json\/wp\/v2\/posts\/9865","targetHints":{"allow":["GET"]}}],"collection":[{"href":"https:\/\/catedra-alberto-benveniste.org\/en\/wp-json\/wp\/v2\/posts"}],"about":[{"href":"https:\/\/catedra-alberto-benveniste.org\/en\/wp-json\/wp\/v2\/types\/post"}],"author":[{"embeddable":true,"href":"https:\/\/catedra-alberto-benveniste.org\/en\/wp-json\/wp\/v2\/users\/1"}],"replies":[{"embeddable":true,"href":"https:\/\/catedra-alberto-benveniste.org\/en\/wp-json\/wp\/v2\/comments?post=9865"}],"version-history":[{"count":0,"href":"https:\/\/catedra-alberto-benveniste.org\/en\/wp-json\/wp\/v2\/posts\/9865\/revisions"}],"wp:featuredmedia":[{"embeddable":true,"href":"https:\/\/catedra-alberto-benveniste.org\/en\/wp-json\/wp\/v2\/media\/8243"}],"wp:attachment":[{"href":"https:\/\/catedra-alberto-benveniste.org\/en\/wp-json\/wp\/v2\/media?parent=9865"}],"wp:term":[{"taxonomy":"category","embeddable":true,"href":"https:\/\/catedra-alberto-benveniste.org\/en\/wp-json\/wp\/v2\/categories?post=9865"},{"taxonomy":"post_tag","embeddable":true,"href":"https:\/\/catedra-alberto-benveniste.org\/en\/wp-json\/wp\/v2\/tags?post=9865"}],"curies":[{"name":"wp","href":"https:\/\/api.w.org\/{rel}","templated":true}]}}