{"id":9864,"date":"2012-06-01T03:59:59","date_gmt":"2012-06-01T03:59:59","guid":{"rendered":"https:\/\/catedra-alberto-benveniste.org\/reconhecimento-prof-herman-prins-salomon-recebe-condecoracao-de-cavaleiro-da-ordem-de-orange-nassau\/"},"modified":"2012-06-01T03:59:59","modified_gmt":"2012-06-01T03:59:59","slug":"reconhecimento-prof-herman-prins-salomon-recebe-condecoracao-de-cavaleiro-da-ordem-de-orange-nassau","status":"publish","type":"post","link":"https:\/\/catedra-alberto-benveniste.org\/en\/reconhecimento-prof-herman-prins-salomon-recebe-condecoracao-de-cavaleiro-da-ordem-de-orange-nassau\/","title":{"rendered":"Reconhecimento: Prof. Herman Prins Salomon recebe condecora\u00e7\u00e3o de Cavaleiro da Ordem de Orange-Nassau"},"content":{"rendered":"<p>No passado dia 2 de Junho, nas instala\u00e7\u00f5es do Consulado Neerland\u00eas de Nova Iorque, o Prof. Herman Prins Salomon foi condecorado como Cavaleiro da Ordem de Orange-Nassau por decis\u00e3o de Sua Magestade a Rainha Beatriz dos Pa\u00edses-Baixos.<\/p>\n","protected":false},"excerpt":{"rendered":"<p>No passado dia 2 de Junho, nas instala\u00e7\u00f5es do Consulado Neerland\u00eas de Nova Iorque, o Prof. Herman Prins Salomon foi condecorado como Cavaleiro da Ordem de Orange-Nassau por decis\u00e3o de Sua Magestade a Rainha Beatriz dos Pa\u00edses-Baixos.<\/p>\n","protected":false},"author":1,"featured_media":8244,"comment_status":"open","ping_status":"open","sticky":false,"template":"","format":"standard","meta":{"footnotes":""},"categories":[49],"tags":[],"class_list":["post-9864","post","type-post","status-publish","format-standard","has-post-thumbnail","hentry","category-noticias-en"],"_links":{"self":[{"href":"https:\/\/catedra-alberto-benveniste.org\/en\/wp-json\/wp\/v2\/posts\/9864","targetHints":{"allow":["GET"]}}],"collection":[{"href":"https:\/\/catedra-alberto-benveniste.org\/en\/wp-json\/wp\/v2\/posts"}],"about":[{"href":"https:\/\/catedra-alberto-benveniste.org\/en\/wp-json\/wp\/v2\/types\/post"}],"author":[{"embeddable":true,"href":"https:\/\/catedra-alberto-benveniste.org\/en\/wp-json\/wp\/v2\/users\/1"}],"replies":[{"embeddable":true,"href":"https:\/\/catedra-alberto-benveniste.org\/en\/wp-json\/wp\/v2\/comments?post=9864"}],"version-history":[{"count":0,"href":"https:\/\/catedra-alberto-benveniste.org\/en\/wp-json\/wp\/v2\/posts\/9864\/revisions"}],"wp:featuredmedia":[{"embeddable":true,"href":"https:\/\/catedra-alberto-benveniste.org\/en\/wp-json\/wp\/v2\/media\/8244"}],"wp:attachment":[{"href":"https:\/\/catedra-alberto-benveniste.org\/en\/wp-json\/wp\/v2\/media?parent=9864"}],"wp:term":[{"taxonomy":"category","embeddable":true,"href":"https:\/\/catedra-alberto-benveniste.org\/en\/wp-json\/wp\/v2\/categories?post=9864"},{"taxonomy":"post_tag","embeddable":true,"href":"https:\/\/catedra-alberto-benveniste.org\/en\/wp-json\/wp\/v2\/tags?post=9864"}],"curies":[{"name":"wp","href":"https:\/\/api.w.org\/{rel}","templated":true}]}}