{"id":9861,"date":"2012-07-15T06:35:59","date_gmt":"2012-07-15T06:35:59","guid":{"rendered":"https:\/\/catedra-alberto-benveniste.org\/ciclo-de-cinema-filme-o-judeu-brasil-portugal-1995-90m-de-jom-tob-azulay\/"},"modified":"2012-07-15T06:35:59","modified_gmt":"2012-07-15T06:35:59","slug":"ciclo-de-cinema-filme-o-judeu-brasil-portugal-1995-90m-de-jom-tob-azulay","status":"publish","type":"post","link":"https:\/\/catedra-alberto-benveniste.org\/en\/ciclo-de-cinema-filme-o-judeu-brasil-portugal-1995-90m-de-jom-tob-azulay\/","title":{"rendered":"Ciclo de Cinema: Filme &#8220;O Judeu&#8221; (Brasil\/Portugal, 1995, 90m) de Jom Tob Azulay"},"content":{"rendered":"<p>A sess\u00e3o ser\u00e1 comentada por Roberta Guimar\u00e3es Franco (Universidade Federal Fluminense, Rio de Janeiro) e \u00c2ngelo Adriano Assis (Universidade Federal de Vi\u00e7osa).<\/p>\n<p>26 de Julho, 17:30h, sala de video da Faculdade de Letras da Universidade de Lisboa<br \/>\nO filme baseia-se no percurso de vida de Ant\u00f3nio Jos\u00e9 da Silva, famoso dramaturgo portugu\u00eas do s\u00e9culo XVIII, v\u00edtima da Inquisi\u00e7\u00e3o portuguesa.<\/p>\n","protected":false},"excerpt":{"rendered":"<p>A sess\u00e3o ser\u00e1 comentada por Roberta Guimar\u00e3es Franco (Universidade Federal Fluminense, Rio de Janeiro) e \u00c2ngelo Adriano Assis (Universidade Federal de Vi\u00e7osa).<\/p>\n","protected":false},"author":1,"featured_media":8247,"comment_status":"open","ping_status":"open","sticky":false,"template":"","format":"standard","meta":{"footnotes":""},"categories":[49],"tags":[],"class_list":["post-9861","post","type-post","status-publish","format-standard","has-post-thumbnail","hentry","category-noticias-en"],"_links":{"self":[{"href":"https:\/\/catedra-alberto-benveniste.org\/en\/wp-json\/wp\/v2\/posts\/9861","targetHints":{"allow":["GET"]}}],"collection":[{"href":"https:\/\/catedra-alberto-benveniste.org\/en\/wp-json\/wp\/v2\/posts"}],"about":[{"href":"https:\/\/catedra-alberto-benveniste.org\/en\/wp-json\/wp\/v2\/types\/post"}],"author":[{"embeddable":true,"href":"https:\/\/catedra-alberto-benveniste.org\/en\/wp-json\/wp\/v2\/users\/1"}],"replies":[{"embeddable":true,"href":"https:\/\/catedra-alberto-benveniste.org\/en\/wp-json\/wp\/v2\/comments?post=9861"}],"version-history":[{"count":0,"href":"https:\/\/catedra-alberto-benveniste.org\/en\/wp-json\/wp\/v2\/posts\/9861\/revisions"}],"wp:featuredmedia":[{"embeddable":true,"href":"https:\/\/catedra-alberto-benveniste.org\/en\/wp-json\/wp\/v2\/media\/8247"}],"wp:attachment":[{"href":"https:\/\/catedra-alberto-benveniste.org\/en\/wp-json\/wp\/v2\/media?parent=9861"}],"wp:term":[{"taxonomy":"category","embeddable":true,"href":"https:\/\/catedra-alberto-benveniste.org\/en\/wp-json\/wp\/v2\/categories?post=9861"},{"taxonomy":"post_tag","embeddable":true,"href":"https:\/\/catedra-alberto-benveniste.org\/en\/wp-json\/wp\/v2\/tags?post=9861"}],"curies":[{"name":"wp","href":"https:\/\/api.w.org\/{rel}","templated":true}]}}