{"id":9860,"date":"2012-07-29T23:27:59","date_gmt":"2012-07-29T23:27:59","guid":{"rendered":"https:\/\/catedra-alberto-benveniste.org\/ciclo-de-cinema-documentario-caminhos-da-memoria-a-trajetoria-dos-judeus-em-portugal-brasil-2002-57m-da-autoria-de-elaine-eiger-e-luize-valente\/"},"modified":"2012-07-29T23:27:59","modified_gmt":"2012-07-29T23:27:59","slug":"ciclo-de-cinema-documentario-caminhos-da-memoria-a-trajetoria-dos-judeus-em-portugal-brasil-2002-57m-da-autoria-de-elaine-eiger-e-luize-valente","status":"publish","type":"post","link":"https:\/\/catedra-alberto-benveniste.org\/en\/ciclo-de-cinema-documentario-caminhos-da-memoria-a-trajetoria-dos-judeus-em-portugal-brasil-2002-57m-da-autoria-de-elaine-eiger-e-luize-valente\/","title":{"rendered":"Ciclo de Cinema: Document\u00e1rio &#8220;Caminhos da Mem\u00f3ria &#8211; A trajet\u00f3ria dos Judeus em Portugal&#8221; (Brasil, 2002, 57m) da autoria de Elaine Eiger e Luize Valente"},"content":{"rendered":"<p>A sess\u00e3o ser\u00e1 comentada por Susana Bastos Mateus (C\u00e1tedra de Estudos Sefarditas &#8220;Alberto Benveniste&#8221;) e \u00c2ngelo Adriano Assis (Universidade Federal de Vi\u00e7osa).<\/p>\n<p>28 de Julho, 17:30h, sala de video, Faculdade de Letras da Universidade de Lisboa<br \/>\n&#8220;Este document\u00e1rio \u00e9 uma viagem no tempo e no espa\u00e7o em busca de respostas. Um passeio pelo territ\u00f3rio portugu\u00eas atr\u00e1s das marcas deixadas pelos judeus que l\u00e1 viveram, foram for\u00e7ados \u00e0 convers\u00e3o e morreram durante quase tr\u00eas s\u00e9culos de Inquisi\u00e7\u00e3o. \u00c9 um resgate das ra\u00edzes judaicas portuguesas que podem ser apontadas como fundamentais na forma\u00e7\u00e3o do povo brasileiro.&#8221; <\/p>\n","protected":false},"excerpt":{"rendered":"<p>A sess\u00e3o ser\u00e1 comentada por Susana Bastos Mateus (C\u00e1tedra de Estudos Sefarditas &#8220;Alberto Benveniste&#8221;) e \u00c2ngelo Adriano Assis (Universidade Federal de Vi\u00e7osa).<\/p>\n","protected":false},"author":1,"featured_media":8248,"comment_status":"open","ping_status":"open","sticky":false,"template":"","format":"standard","meta":{"footnotes":""},"categories":[49],"tags":[],"class_list":["post-9860","post","type-post","status-publish","format-standard","has-post-thumbnail","hentry","category-noticias-en"],"_links":{"self":[{"href":"https:\/\/catedra-alberto-benveniste.org\/en\/wp-json\/wp\/v2\/posts\/9860","targetHints":{"allow":["GET"]}}],"collection":[{"href":"https:\/\/catedra-alberto-benveniste.org\/en\/wp-json\/wp\/v2\/posts"}],"about":[{"href":"https:\/\/catedra-alberto-benveniste.org\/en\/wp-json\/wp\/v2\/types\/post"}],"author":[{"embeddable":true,"href":"https:\/\/catedra-alberto-benveniste.org\/en\/wp-json\/wp\/v2\/users\/1"}],"replies":[{"embeddable":true,"href":"https:\/\/catedra-alberto-benveniste.org\/en\/wp-json\/wp\/v2\/comments?post=9860"}],"version-history":[{"count":0,"href":"https:\/\/catedra-alberto-benveniste.org\/en\/wp-json\/wp\/v2\/posts\/9860\/revisions"}],"wp:featuredmedia":[{"embeddable":true,"href":"https:\/\/catedra-alberto-benveniste.org\/en\/wp-json\/wp\/v2\/media\/8248"}],"wp:attachment":[{"href":"https:\/\/catedra-alberto-benveniste.org\/en\/wp-json\/wp\/v2\/media?parent=9860"}],"wp:term":[{"taxonomy":"category","embeddable":true,"href":"https:\/\/catedra-alberto-benveniste.org\/en\/wp-json\/wp\/v2\/categories?post=9860"},{"taxonomy":"post_tag","embeddable":true,"href":"https:\/\/catedra-alberto-benveniste.org\/en\/wp-json\/wp\/v2\/tags?post=9860"}],"curies":[{"name":"wp","href":"https:\/\/api.w.org\/{rel}","templated":true}]}}