{"id":9859,"date":"2012-08-13T16:19:59","date_gmt":"2012-08-13T16:19:59","guid":{"rendered":"https:\/\/catedra-alberto-benveniste.org\/iv-coloquio-internacional-intolerancia-religiao-raca-e-politica-no-mundo-iberico-do-antigo-regime\/"},"modified":"2012-08-13T16:19:59","modified_gmt":"2012-08-13T16:19:59","slug":"iv-coloquio-internacional-intolerancia-religiao-raca-e-politica-no-mundo-iberico-do-antigo-regime","status":"publish","type":"post","link":"https:\/\/catedra-alberto-benveniste.org\/en\/iv-coloquio-internacional-intolerancia-religiao-raca-e-politica-no-mundo-iberico-do-antigo-regime\/","title":{"rendered":"IV Col\u00f3quio Internacional Intoler\u00e2ncia. Religi\u00e3o, Ra\u00e7a e Pol\u00edtica no Mundo Ib\u00e9rico do Antigo Regime"},"content":{"rendered":"<p>Mais informa\u00e7\u00f5es em http:\/\/www.historia.uff.br\/ciadasindias\/?p=697<\/p>\n<p>Universidade Federal Fluminense, Brasil, de 14 a 16 de setembro<\/p>\n","protected":false},"excerpt":{"rendered":"<p>Mais informa\u00e7\u00f5es em http:\/\/www.historia.uff.br\/ciadasindias\/?p=697<\/p>\n","protected":false},"author":1,"featured_media":8249,"comment_status":"open","ping_status":"open","sticky":false,"template":"","format":"standard","meta":{"footnotes":""},"categories":[49],"tags":[],"class_list":["post-9859","post","type-post","status-publish","format-standard","has-post-thumbnail","hentry","category-noticias-en"],"_links":{"self":[{"href":"https:\/\/catedra-alberto-benveniste.org\/en\/wp-json\/wp\/v2\/posts\/9859","targetHints":{"allow":["GET"]}}],"collection":[{"href":"https:\/\/catedra-alberto-benveniste.org\/en\/wp-json\/wp\/v2\/posts"}],"about":[{"href":"https:\/\/catedra-alberto-benveniste.org\/en\/wp-json\/wp\/v2\/types\/post"}],"author":[{"embeddable":true,"href":"https:\/\/catedra-alberto-benveniste.org\/en\/wp-json\/wp\/v2\/users\/1"}],"replies":[{"embeddable":true,"href":"https:\/\/catedra-alberto-benveniste.org\/en\/wp-json\/wp\/v2\/comments?post=9859"}],"version-history":[{"count":0,"href":"https:\/\/catedra-alberto-benveniste.org\/en\/wp-json\/wp\/v2\/posts\/9859\/revisions"}],"wp:featuredmedia":[{"embeddable":true,"href":"https:\/\/catedra-alberto-benveniste.org\/en\/wp-json\/wp\/v2\/media\/8249"}],"wp:attachment":[{"href":"https:\/\/catedra-alberto-benveniste.org\/en\/wp-json\/wp\/v2\/media?parent=9859"}],"wp:term":[{"taxonomy":"category","embeddable":true,"href":"https:\/\/catedra-alberto-benveniste.org\/en\/wp-json\/wp\/v2\/categories?post=9859"},{"taxonomy":"post_tag","embeddable":true,"href":"https:\/\/catedra-alberto-benveniste.org\/en\/wp-json\/wp\/v2\/tags?post=9859"}],"curies":[{"name":"wp","href":"https:\/\/api.w.org\/{rel}","templated":true}]}}