{"id":9857,"date":"2012-09-12T02:03:59","date_gmt":"2012-09-12T02:03:59","guid":{"rendered":"https:\/\/catedra-alberto-benveniste.org\/apresentacao-de-centurias-de-curas-medicinais-de-amato-lusitano\/"},"modified":"2012-09-12T02:03:59","modified_gmt":"2012-09-12T02:03:59","slug":"apresentacao-de-centurias-de-curas-medicinais-de-amato-lusitano","status":"publish","type":"post","link":"https:\/\/catedra-alberto-benveniste.org\/en\/apresentacao-de-centurias-de-curas-medicinais-de-amato-lusitano\/","title":{"rendered":"Apresenta\u00e7\u00e3o de &#8220;Cent\u00farias de Curas Medicinais&#8221; de Amato Lusitano"},"content":{"rendered":"<p>Audit\u00f3rio da Biblioteca Nacional de Lisboa, dia 8 de Setembro, pelas 18h.30<br \/>\nNo ano em que se celebram 500 anos do nascimento  do c\u00e9lebre m\u00e9dico portugu\u00eas, o Centro Editor Livreiro da Ordem dos M\u00e9dicos realizou uma edi\u00e7\u00e3o, em dois volumes, das Cent\u00farias de Curas Medicinais, que ser\u00e1 apresentada publicamente, numa iniciativa conjunta da Ordem e da BNP. A sess\u00e3o de apresenta\u00e7\u00e3o desta obra paradigm\u00e1tica de Amato Lusitano dividir-se-\u00e1 em duas partes:<\/p>\n<p>&#8211; O Primado da Cl\u00ednica em Amato Lusitano<br \/>\npor Victor Machado Borges<\/p>\n<p>&#8211; A parasitologia nas Cent\u00farias de Curas Medicinais<br \/>\npor David de Morais<\/p>\n<p>Seguir-se-\u00e1 uma visita acompanhada \u00e0 mostra sobre Amato Lusitano que est\u00e1 patente na BNP at\u00e9 ao dia 30 de Setembro. At\u00e9 essa data, a Livraria Babel situada no \u00e1trio da BNP estar\u00e1 a vender as obras do Centro Editor Livreiro da Ordem dos M\u00e9dicos, nomeadamente esta reedi\u00e7\u00e3o das Cent\u00farias de Curas Medicinais<\/p>\n<p>(elementos retirados do web site da Biblioteca Nacional de Lisboa)<\/p>\n","protected":false},"excerpt":{"rendered":"<p>Audit\u00f3rio da Biblioteca Nacional de Lisboa, dia 8 de Setembro, pelas 18h.30 No ano em que se celebram 500 anos do nascimento do c\u00e9lebre m\u00e9dico portugu\u00eas, o Centro Editor Livreiro da Ordem dos M\u00e9dicos realizou uma edi\u00e7\u00e3o, em dois volumes, das Cent\u00farias de Curas Medicinais, que ser\u00e1 apresentada publicamente, numa iniciativa conjunta da Ordem e [&hellip;]<\/p>\n","protected":false},"author":1,"featured_media":8251,"comment_status":"open","ping_status":"open","sticky":false,"template":"","format":"standard","meta":{"footnotes":""},"categories":[49],"tags":[],"class_list":["post-9857","post","type-post","status-publish","format-standard","has-post-thumbnail","hentry","category-noticias-en"],"_links":{"self":[{"href":"https:\/\/catedra-alberto-benveniste.org\/en\/wp-json\/wp\/v2\/posts\/9857","targetHints":{"allow":["GET"]}}],"collection":[{"href":"https:\/\/catedra-alberto-benveniste.org\/en\/wp-json\/wp\/v2\/posts"}],"about":[{"href":"https:\/\/catedra-alberto-benveniste.org\/en\/wp-json\/wp\/v2\/types\/post"}],"author":[{"embeddable":true,"href":"https:\/\/catedra-alberto-benveniste.org\/en\/wp-json\/wp\/v2\/users\/1"}],"replies":[{"embeddable":true,"href":"https:\/\/catedra-alberto-benveniste.org\/en\/wp-json\/wp\/v2\/comments?post=9857"}],"version-history":[{"count":0,"href":"https:\/\/catedra-alberto-benveniste.org\/en\/wp-json\/wp\/v2\/posts\/9857\/revisions"}],"wp:featuredmedia":[{"embeddable":true,"href":"https:\/\/catedra-alberto-benveniste.org\/en\/wp-json\/wp\/v2\/media\/8251"}],"wp:attachment":[{"href":"https:\/\/catedra-alberto-benveniste.org\/en\/wp-json\/wp\/v2\/media?parent=9857"}],"wp:term":[{"taxonomy":"category","embeddable":true,"href":"https:\/\/catedra-alberto-benveniste.org\/en\/wp-json\/wp\/v2\/categories?post=9857"},{"taxonomy":"post_tag","embeddable":true,"href":"https:\/\/catedra-alberto-benveniste.org\/en\/wp-json\/wp\/v2\/tags?post=9857"}],"curies":[{"name":"wp","href":"https:\/\/api.w.org\/{rel}","templated":true}]}}