{"id":9855,"date":"2012-10-11T11:47:59","date_gmt":"2012-10-11T11:47:59","guid":{"rendered":"https:\/\/catedra-alberto-benveniste.org\/ciclo-de-cinema-filme-uma-cancao-de-amor-le-chant-des-mariees-franca-tunisia-2008-97m-de-karin-albou\/"},"modified":"2012-10-11T11:47:59","modified_gmt":"2012-10-11T11:47:59","slug":"ciclo-de-cinema-filme-uma-cancao-de-amor-le-chant-des-mariees-franca-tunisia-2008-97m-de-karin-albou","status":"publish","type":"post","link":"https:\/\/catedra-alberto-benveniste.org\/en\/ciclo-de-cinema-filme-uma-cancao-de-amor-le-chant-des-mariees-franca-tunisia-2008-97m-de-karin-albou\/","title":{"rendered":"Ciclo de Cinema: Filme &#8220;Uma Can\u00e7\u00e3o de Amor \/ Le Chant des Mari\u00e9es&#8221; (Fran\u00e7a, Tun\u00edsia, 2008, 97m) de Karin Albou"},"content":{"rendered":"<p>A sess\u00e3o ser\u00e1 comentada por James Nelson Novoa (C\u00e1tedra de Estudos Sefarditas &#8220;Alberto Benveniste&#8221;).<\/p>\n<p>dia 27 de Setembro, 17:30h, sala de video da Faculdade de Letras da Universidade de Lisboa<br \/>\nO filme aborda as rela\u00e7\u00f5es de conviv\u00eancia entre judeus e mu\u00e7ulmanos na Tun\u00edsia no in\u00edcio dos anos 40 do s\u00e9culo XX.<\/p>\n<p>Para mais informa\u00e7\u00f5es: http:\/\/www.allocine.fr\/film\/anecdote_gen_cfilm=131759.html<\/p>\n","protected":false},"excerpt":{"rendered":"<p>A sess\u00e3o ser\u00e1 comentada por James Nelson Novoa (C\u00e1tedra de Estudos Sefarditas &#8220;Alberto Benveniste&#8221;).<\/p>\n","protected":false},"author":1,"featured_media":8253,"comment_status":"open","ping_status":"open","sticky":false,"template":"","format":"standard","meta":{"footnotes":""},"categories":[49],"tags":[],"class_list":["post-9855","post","type-post","status-publish","format-standard","has-post-thumbnail","hentry","category-noticias-en"],"_links":{"self":[{"href":"https:\/\/catedra-alberto-benveniste.org\/en\/wp-json\/wp\/v2\/posts\/9855","targetHints":{"allow":["GET"]}}],"collection":[{"href":"https:\/\/catedra-alberto-benveniste.org\/en\/wp-json\/wp\/v2\/posts"}],"about":[{"href":"https:\/\/catedra-alberto-benveniste.org\/en\/wp-json\/wp\/v2\/types\/post"}],"author":[{"embeddable":true,"href":"https:\/\/catedra-alberto-benveniste.org\/en\/wp-json\/wp\/v2\/users\/1"}],"replies":[{"embeddable":true,"href":"https:\/\/catedra-alberto-benveniste.org\/en\/wp-json\/wp\/v2\/comments?post=9855"}],"version-history":[{"count":0,"href":"https:\/\/catedra-alberto-benveniste.org\/en\/wp-json\/wp\/v2\/posts\/9855\/revisions"}],"wp:featuredmedia":[{"embeddable":true,"href":"https:\/\/catedra-alberto-benveniste.org\/en\/wp-json\/wp\/v2\/media\/8253"}],"wp:attachment":[{"href":"https:\/\/catedra-alberto-benveniste.org\/en\/wp-json\/wp\/v2\/media?parent=9855"}],"wp:term":[{"taxonomy":"category","embeddable":true,"href":"https:\/\/catedra-alberto-benveniste.org\/en\/wp-json\/wp\/v2\/categories?post=9855"},{"taxonomy":"post_tag","embeddable":true,"href":"https:\/\/catedra-alberto-benveniste.org\/en\/wp-json\/wp\/v2\/tags?post=9855"}],"curies":[{"name":"wp","href":"https:\/\/api.w.org\/{rel}","templated":true}]}}