{"id":9853,"date":"2012-11-09T21:31:59","date_gmt":"2012-11-09T21:31:59","guid":{"rendered":"https:\/\/catedra-alberto-benveniste.org\/debate-um-cristao-novo-portugues-nas-garras-da-inquisicao-no-brasil-quinhentista-com-angelo-assis\/"},"modified":"2012-11-09T21:31:59","modified_gmt":"2012-11-09T21:31:59","slug":"debate-um-cristao-novo-portugues-nas-garras-da-inquisicao-no-brasil-quinhentista-com-angelo-assis","status":"publish","type":"post","link":"https:\/\/catedra-alberto-benveniste.org\/en\/debate-um-cristao-novo-portugues-nas-garras-da-inquisicao-no-brasil-quinhentista-com-angelo-assis\/","title":{"rendered":"Debate: &#8220;Um Crist\u00e3o-Novo Portugu\u00eas nas garras da Inquisi\u00e7\u00e3o no Brasil Quinhentista&#8221;, com \u00c2ngelo Assis"},"content":{"rendered":"<p>Dia 24 de Outubro, 18h, na sala 2.14 da Faculdade de Letras da Universidade de Lisboa<br \/>\nNo \u00faltimo dia 24 de outubro, realizou-se, na sala 2.14 da Universidade de Lisboa, sess\u00e3o de debate com o Professor Doutor Angelo Adriano Faria de Assis, professor da Universidade Federal de Vi\u00e7osa (Brasil) e pesquisador da C\u00e1tedra de Estudos Sefarditas &#8220;Alberto Benveniste&#8221;, acerca de seu \u00faltimo livro, intitulado &#8220;Jo\u00e3o Nunues: um rabi escatol\u00f3gico na Nova Lusit\u00e2nia&#8221;. O Professor Angelo Assis fez uma apresenta\u00e7\u00e3o sobre a presen\u00e7a dos crist\u00e3os-novos no Brasil deste o in\u00edcio da coloniza\u00e7\u00e3o portuguesa, destacando sua import\u00e2ncia na economia e na forma\u00e7\u00e3o da sociedade. Com a visita da Inquisi\u00e7\u00e3o, em fins do s\u00e9culo XVI, a rela\u00e7\u00e3o de relativa harmonia entre crist\u00e3os velhos e neoconversos seria abalada, e muitos crist\u00e3os-novos acabariam denunciados e processados pelo Santo Of\u00edcio de Lisboa. Como o pr\u00f3prio Jo\u00e3o Nunes Correia, representante no Brasil de uma destacada fam\u00edlia de comerciantes oriundos de Castro Daire, na regi\u00e3o de Lamego. Apesar das graves acusa\u00e7\u00f5es, Nunes acabaria inocentado pela Inquisi\u00e7\u00e3o e continuaria sua vida de neg\u00f3cios na Espanha, onde fixaria morada em Madrid e, depois, Sevilha. Um caso exemplar da presen\u00e7a e inser\u00e7\u00e3o dos neoconversos na sociedade iberoamericana.<\/p>\n","protected":false},"excerpt":{"rendered":"<p>Dia 24 de Outubro, 18h, na sala 2.14 da Faculdade de Letras da Universidade de Lisboa No \u00faltimo dia 24 de outubro, realizou-se, na sala 2.14 da Universidade de Lisboa, sess\u00e3o de debate com o Professor Doutor Angelo Adriano Faria de Assis, professor da Universidade Federal de Vi\u00e7osa (Brasil) e pesquisador da C\u00e1tedra de Estudos [&hellip;]<\/p>\n","protected":false},"author":1,"featured_media":8255,"comment_status":"open","ping_status":"open","sticky":false,"template":"","format":"standard","meta":{"footnotes":""},"categories":[49],"tags":[],"class_list":["post-9853","post","type-post","status-publish","format-standard","has-post-thumbnail","hentry","category-noticias-en"],"_links":{"self":[{"href":"https:\/\/catedra-alberto-benveniste.org\/en\/wp-json\/wp\/v2\/posts\/9853","targetHints":{"allow":["GET"]}}],"collection":[{"href":"https:\/\/catedra-alberto-benveniste.org\/en\/wp-json\/wp\/v2\/posts"}],"about":[{"href":"https:\/\/catedra-alberto-benveniste.org\/en\/wp-json\/wp\/v2\/types\/post"}],"author":[{"embeddable":true,"href":"https:\/\/catedra-alberto-benveniste.org\/en\/wp-json\/wp\/v2\/users\/1"}],"replies":[{"embeddable":true,"href":"https:\/\/catedra-alberto-benveniste.org\/en\/wp-json\/wp\/v2\/comments?post=9853"}],"version-history":[{"count":0,"href":"https:\/\/catedra-alberto-benveniste.org\/en\/wp-json\/wp\/v2\/posts\/9853\/revisions"}],"wp:featuredmedia":[{"embeddable":true,"href":"https:\/\/catedra-alberto-benveniste.org\/en\/wp-json\/wp\/v2\/media\/8255"}],"wp:attachment":[{"href":"https:\/\/catedra-alberto-benveniste.org\/en\/wp-json\/wp\/v2\/media?parent=9853"}],"wp:term":[{"taxonomy":"category","embeddable":true,"href":"https:\/\/catedra-alberto-benveniste.org\/en\/wp-json\/wp\/v2\/categories?post=9853"},{"taxonomy":"post_tag","embeddable":true,"href":"https:\/\/catedra-alberto-benveniste.org\/en\/wp-json\/wp\/v2\/tags?post=9853"}],"curies":[{"name":"wp","href":"https:\/\/api.w.org\/{rel}","templated":true}]}}