{"id":9851,"date":"2012-12-09T07:15:59","date_gmt":"2012-12-09T07:15:59","guid":{"rendered":"https:\/\/catedra-alberto-benveniste.org\/xii-seminario-de-historia-da-fca-las-corporaciones-de-nacion-en-la-monarquia-hispanica-1580-1750-identidad-patronazgo-y-redes-de-sociabilidad\/"},"modified":"2012-12-09T07:15:59","modified_gmt":"2012-12-09T07:15:59","slug":"xii-seminario-de-historia-da-fca-las-corporaciones-de-nacion-en-la-monarquia-hispanica-1580-1750-identidad-patronazgo-y-redes-de-sociabilidad","status":"publish","type":"post","link":"https:\/\/catedra-alberto-benveniste.org\/en\/xii-seminario-de-historia-da-fca-las-corporaciones-de-nacion-en-la-monarquia-hispanica-1580-1750-identidad-patronazgo-y-redes-de-sociabilidad\/","title":{"rendered":"XII Seminario de Historia da FCA: \u201cLas corporaciones de Naci\u00f3n en la Monarqu\u00eda Hisp\u00e1nica (1580-1750). Identidad, patronazgo y redes de sociabilidad\u201d"},"content":{"rendered":"<p>dias 28 a 30 de Novembro, Audit\u00f3rio da Fund. Carlos Amberes<\/p>\n<p class='attachment-link'><a href=\"https:\/\/catedra-alberto-benveniste.org\/wp-content\/uploads\/2024\/11\/Folleto_XII_SHistFCA_mail_1-1.pdf\" target=\"_blank\" rel=\"noopener\">Folleto_XII_SHistFCA_mail_(1).pdf<\/a><\/p>\n","protected":false},"excerpt":{"rendered":"<p>dias 28 a 30 de Novembro, Audit\u00f3rio da Fund. Carlos Amberes Folleto_XII_SHistFCA_mail_(1).pdf<\/p>\n","protected":false},"author":1,"featured_media":8257,"comment_status":"open","ping_status":"open","sticky":false,"template":"","format":"standard","meta":{"footnotes":""},"categories":[49],"tags":[],"class_list":["post-9851","post","type-post","status-publish","format-standard","has-post-thumbnail","hentry","category-noticias-en"],"_links":{"self":[{"href":"https:\/\/catedra-alberto-benveniste.org\/en\/wp-json\/wp\/v2\/posts\/9851","targetHints":{"allow":["GET"]}}],"collection":[{"href":"https:\/\/catedra-alberto-benveniste.org\/en\/wp-json\/wp\/v2\/posts"}],"about":[{"href":"https:\/\/catedra-alberto-benveniste.org\/en\/wp-json\/wp\/v2\/types\/post"}],"author":[{"embeddable":true,"href":"https:\/\/catedra-alberto-benveniste.org\/en\/wp-json\/wp\/v2\/users\/1"}],"replies":[{"embeddable":true,"href":"https:\/\/catedra-alberto-benveniste.org\/en\/wp-json\/wp\/v2\/comments?post=9851"}],"version-history":[{"count":0,"href":"https:\/\/catedra-alberto-benveniste.org\/en\/wp-json\/wp\/v2\/posts\/9851\/revisions"}],"wp:featuredmedia":[{"embeddable":true,"href":"https:\/\/catedra-alberto-benveniste.org\/en\/wp-json\/wp\/v2\/media\/8257"}],"wp:attachment":[{"href":"https:\/\/catedra-alberto-benveniste.org\/en\/wp-json\/wp\/v2\/media?parent=9851"}],"wp:term":[{"taxonomy":"category","embeddable":true,"href":"https:\/\/catedra-alberto-benveniste.org\/en\/wp-json\/wp\/v2\/categories?post=9851"},{"taxonomy":"post_tag","embeddable":true,"href":"https:\/\/catedra-alberto-benveniste.org\/en\/wp-json\/wp\/v2\/tags?post=9851"}],"curies":[{"name":"wp","href":"https:\/\/api.w.org\/{rel}","templated":true}]}}