{"id":9836,"date":"2013-07-17T20:15:59","date_gmt":"2013-07-17T20:15:59","guid":{"rendered":"https:\/\/catedra-alberto-benveniste.org\/ciclo-de-conferencias-2012-conferencia-de-jose-antonio-guillen-berrendero-universidade-autonoma-de-madrid-iulce-rodrigo-mendes-da-silva-um-genealogista-cristao-novo-na-corte-de-filipe-iv-em-m\/"},"modified":"2013-07-17T20:15:59","modified_gmt":"2013-07-17T20:15:59","slug":"ciclo-de-conferencias-2012-conferencia-de-jose-antonio-guillen-berrendero-universidade-autonoma-de-madrid-iulce-rodrigo-mendes-da-silva-um-genealogista-cristao-novo-na-corte-de-filipe-iv-em-m","status":"publish","type":"post","link":"https:\/\/catedra-alberto-benveniste.org\/en\/ciclo-de-conferencias-2012-conferencia-de-jose-antonio-guillen-berrendero-universidade-autonoma-de-madrid-iulce-rodrigo-mendes-da-silva-um-genealogista-cristao-novo-na-corte-de-filipe-iv-em-m\/","title":{"rendered":"Ciclo de Confer\u00eancias 2012: Confer\u00eancia de Jos\u00e9 Antonio Guill\u00e9n Berrendero (Universidade Aut\u00f3noma de Madrid &#8211; IULCE) &#8211; &#8220;Rodrigo Mendes da Silva: um genealogista crist\u00e3o-novo na corte de Filipe IV em Madrid&#8221;"},"content":{"rendered":"<p>Dia 24 de Maio, 18,30h, sala 5.1. da Faculdade de Letras da Universidade de Lisboa<\/p>\n","protected":false},"excerpt":{"rendered":"<p>Dia 24 de Maio, 18,30h, sala 5.1. da Faculdade de Letras da Universidade de Lisboa<\/p>\n","protected":false},"author":1,"featured_media":8767,"comment_status":"open","ping_status":"open","sticky":false,"template":"","format":"standard","meta":{"footnotes":""},"categories":[49],"tags":[],"class_list":["post-9836","post","type-post","status-publish","format-standard","has-post-thumbnail","hentry","category-noticias-en"],"_links":{"self":[{"href":"https:\/\/catedra-alberto-benveniste.org\/en\/wp-json\/wp\/v2\/posts\/9836","targetHints":{"allow":["GET"]}}],"collection":[{"href":"https:\/\/catedra-alberto-benveniste.org\/en\/wp-json\/wp\/v2\/posts"}],"about":[{"href":"https:\/\/catedra-alberto-benveniste.org\/en\/wp-json\/wp\/v2\/types\/post"}],"author":[{"embeddable":true,"href":"https:\/\/catedra-alberto-benveniste.org\/en\/wp-json\/wp\/v2\/users\/1"}],"replies":[{"embeddable":true,"href":"https:\/\/catedra-alberto-benveniste.org\/en\/wp-json\/wp\/v2\/comments?post=9836"}],"version-history":[{"count":0,"href":"https:\/\/catedra-alberto-benveniste.org\/en\/wp-json\/wp\/v2\/posts\/9836\/revisions"}],"wp:featuredmedia":[{"embeddable":true,"href":"https:\/\/catedra-alberto-benveniste.org\/en\/wp-json\/wp\/v2\/media\/8767"}],"wp:attachment":[{"href":"https:\/\/catedra-alberto-benveniste.org\/en\/wp-json\/wp\/v2\/media?parent=9836"}],"wp:term":[{"taxonomy":"category","embeddable":true,"href":"https:\/\/catedra-alberto-benveniste.org\/en\/wp-json\/wp\/v2\/categories?post=9836"},{"taxonomy":"post_tag","embeddable":true,"href":"https:\/\/catedra-alberto-benveniste.org\/en\/wp-json\/wp\/v2\/tags?post=9836"}],"curies":[{"name":"wp","href":"https:\/\/api.w.org\/{rel}","templated":true}]}}