{"id":9823,"date":"2014-01-24T23:31:59","date_gmt":"2014-01-24T23:31:59","guid":{"rendered":"https:\/\/catedra-alberto-benveniste.org\/dom-isaac-abravanel-estadista-e-filosofo-de-benzion-netanyahu\/"},"modified":"2014-01-24T23:31:59","modified_gmt":"2014-01-24T23:31:59","slug":"dom-isaac-abravanel-estadista-e-filosofo-de-benzion-netanyahu","status":"publish","type":"post","link":"https:\/\/catedra-alberto-benveniste.org\/en\/dom-isaac-abravanel-estadista-e-filosofo-de-benzion-netanyahu\/","title":{"rendered":"&#8220;Dom Isaac Abravanel, Estadista e Fil\u00f3sofo&#8221;, de Benzion Netanyahu"},"content":{"rendered":"<p>Finalmente em portugu\u00eas a excepcional biografia de Isaac Abravanel, feita por Benzion Netanyahu. A edi\u00e7\u00e3o \u00e9 da Tenacitas, com a parceria da Rede de Judiarias, e o apoio da C\u00e1tedra de Estudos Sefarditas \u00abAlberto Benveniste\u00bb.<\/p>\n<p><a href=\"http:\/\/www.tenacitas.pt\/m_catalog_a_detalhe232.html\">Visite aqui<\/a><\/p>\n<p>Figura \u00edmpar do Renascimento portugu\u00eas, Isaac Abravanel, al\u00e9m de estadista, diplomata, cortes\u00e3o e financeiro de renome internacional, foi senhor de um saber enciclop\u00e9dico, um not\u00e1vel exegeta e fil\u00f3sofo, e um escritor brilhante. Nele cruzaram-se e encerraram-se, em simult\u00e2neo, duas antigas linhagens da tradi\u00e7\u00e3o judaica: a dos estadistas e a dos fil\u00f3sofos judeus medievais.<br \/>\nA vida e a obra de Isaac Abravanel, nascido em Lisboa em 1437, foi marcada pela trag\u00e9dia da persegui\u00e7\u00e3o aos judeus peninsulares. Tesoureiro de D. Afonso V, \u00e9 condenado \u00e0 morte no reinado de D. Jo\u00e3o II pela sua proximidade \u00e0 Casa de Bragan\u00e7a; refugia-se em Castela, onde lidera com grande coragem a comunidade judaica que ser\u00e1 expulsa deste pa\u00eds pelos Reis Cat\u00f3licos em 1492; exilando-se desta vez em It\u00e1lia, onde morre em Veneza no ano de 1508.<br \/>\nQualquer que seja a opini\u00e3o que formemos sobre o impacto de Isaac Abravanel na hist\u00f3ria, \u00e9 indiscut\u00edvel que ele simbolizou um dinamismo que levou o povo judeu a sair de um terr\u00edvel impasse. (&#8230;) Abravanel deu \u00e0 sua gera\u00e7\u00e3o a resposta que esta esperava ouvir, confrontada que estava com o abismo do mais negro desespero, a \u00fanica resposta capaz de sacudir indiv\u00edduos desesperados e a \u00fanica suscept\u00edvel de dar novo sentido \u00e0s suas vidas e \u00e0s suas lutas.<\/p>\n","protected":false},"excerpt":{"rendered":"<p>Finalmente em portugu\u00eas a excepcional biografia de Isaac Abravanel, feita por Benzion Netanyahu. A edi\u00e7\u00e3o \u00e9 da Tenacitas, com a parceria da Rede de Judiarias, e o apoio da C\u00e1tedra de Estudos Sefarditas \u00abAlberto Benveniste\u00bb.<\/p>\n<p>Visite aqui<\/p>\n","protected":false},"author":1,"featured_media":8281,"comment_status":"open","ping_status":"open","sticky":false,"template":"","format":"standard","meta":{"footnotes":""},"categories":[49],"tags":[],"class_list":["post-9823","post","type-post","status-publish","format-standard","has-post-thumbnail","hentry","category-noticias-en"],"_links":{"self":[{"href":"https:\/\/catedra-alberto-benveniste.org\/en\/wp-json\/wp\/v2\/posts\/9823","targetHints":{"allow":["GET"]}}],"collection":[{"href":"https:\/\/catedra-alberto-benveniste.org\/en\/wp-json\/wp\/v2\/posts"}],"about":[{"href":"https:\/\/catedra-alberto-benveniste.org\/en\/wp-json\/wp\/v2\/types\/post"}],"author":[{"embeddable":true,"href":"https:\/\/catedra-alberto-benveniste.org\/en\/wp-json\/wp\/v2\/users\/1"}],"replies":[{"embeddable":true,"href":"https:\/\/catedra-alberto-benveniste.org\/en\/wp-json\/wp\/v2\/comments?post=9823"}],"version-history":[{"count":0,"href":"https:\/\/catedra-alberto-benveniste.org\/en\/wp-json\/wp\/v2\/posts\/9823\/revisions"}],"wp:featuredmedia":[{"embeddable":true,"href":"https:\/\/catedra-alberto-benveniste.org\/en\/wp-json\/wp\/v2\/media\/8281"}],"wp:attachment":[{"href":"https:\/\/catedra-alberto-benveniste.org\/en\/wp-json\/wp\/v2\/media?parent=9823"}],"wp:term":[{"taxonomy":"category","embeddable":true,"href":"https:\/\/catedra-alberto-benveniste.org\/en\/wp-json\/wp\/v2\/categories?post=9823"},{"taxonomy":"post_tag","embeddable":true,"href":"https:\/\/catedra-alberto-benveniste.org\/en\/wp-json\/wp\/v2\/tags?post=9823"}],"curies":[{"name":"wp","href":"https:\/\/api.w.org\/{rel}","templated":true}]}}