{"id":9819,"date":"2014-03-24T18:59:59","date_gmt":"2014-03-24T18:59:59","guid":{"rendered":"https:\/\/catedra-alberto-benveniste.org\/o-mundo-num-livro-abordagens-interdisciplinares-aos-coloquios-dos-simples-e-drogas-da-india-de-garcia-de-orta-goa-1563\/"},"modified":"2014-03-24T18:59:59","modified_gmt":"2014-03-24T18:59:59","slug":"o-mundo-num-livro-abordagens-interdisciplinares-aos-coloquios-dos-simples-e-drogas-da-india-de-garcia-de-orta-goa-1563","status":"publish","type":"post","link":"https:\/\/catedra-alberto-benveniste.org\/en\/o-mundo-num-livro-abordagens-interdisciplinares-aos-coloquios-dos-simples-e-drogas-da-india-de-garcia-de-orta-goa-1563\/","title":{"rendered":"O Mundo num Livro &#8211; Abordagens Interdisciplinares aos \u201cCol\u00f3quios dos simples e drogas da \u00cdndia de Garcia de Orta\u201d Goa, 1563"},"content":{"rendered":"<p>Realiza-se na Funda\u00e7\u00e3o Calouste Gulbenkian o Col\u00f3quio Internacional \u201cO Mundo num Livro &#8211; Abordagens Interdisciplinares aos Col\u00f3quios dos simples e drogas da \u00cdndia de Garcia de Orta\u201d.<\/p>\n<p><a href=\"http:\/\/www.gulbenkian.pt\/object160article_id4133langId1.html\n\">Consulte aqui o programa do Col\u00f3quio<\/a><\/p>\n<p>10 e 11 de Abril<br \/>\nPara celebrar os 450 anos da publica\u00e7\u00e3o de uma das mais importantes obras da hist\u00f3ria da medicina em Portugal, realiza-se a confer\u00eancia internacional O Mundo num Livro &#8211; Abordagens Interdisciplinares aos Col\u00f3quios dos simples e drogas da \u00cdndia de Garcia de Orta Goa, 1563 \u2014 Lisboa, 2013, organizada numa colabora\u00e7\u00e3o com a Universidade Nova de Lisboa (Unidade de Hist\u00f3ria e Filosofia da Ci\u00eancia da Faculdade de Ci\u00eancias e Tecnologia e Centro de Hist\u00f3ria da Cultura, da Faculdade de Ci\u00eancias Sociais e Humanas).<\/p>\n","protected":false},"excerpt":{"rendered":"<p>Realiza-se na Funda\u00e7\u00e3o Calouste Gulbenkian o Col\u00f3quio Internacional \u201cO Mundo num Livro &#8211; Abordagens Interdisciplinares aos Col\u00f3quios dos simples e drogas da \u00cdndia de Garcia de Orta\u201d.<\/p>\n<p>Consulte aqui o programa do Col\u00f3quio<\/p>\n","protected":false},"author":1,"featured_media":8770,"comment_status":"open","ping_status":"open","sticky":false,"template":"","format":"standard","meta":{"footnotes":""},"categories":[49],"tags":[],"class_list":["post-9819","post","type-post","status-publish","format-standard","has-post-thumbnail","hentry","category-noticias-en"],"_links":{"self":[{"href":"https:\/\/catedra-alberto-benveniste.org\/en\/wp-json\/wp\/v2\/posts\/9819","targetHints":{"allow":["GET"]}}],"collection":[{"href":"https:\/\/catedra-alberto-benveniste.org\/en\/wp-json\/wp\/v2\/posts"}],"about":[{"href":"https:\/\/catedra-alberto-benveniste.org\/en\/wp-json\/wp\/v2\/types\/post"}],"author":[{"embeddable":true,"href":"https:\/\/catedra-alberto-benveniste.org\/en\/wp-json\/wp\/v2\/users\/1"}],"replies":[{"embeddable":true,"href":"https:\/\/catedra-alberto-benveniste.org\/en\/wp-json\/wp\/v2\/comments?post=9819"}],"version-history":[{"count":0,"href":"https:\/\/catedra-alberto-benveniste.org\/en\/wp-json\/wp\/v2\/posts\/9819\/revisions"}],"wp:featuredmedia":[{"embeddable":true,"href":"https:\/\/catedra-alberto-benveniste.org\/en\/wp-json\/wp\/v2\/media\/8770"}],"wp:attachment":[{"href":"https:\/\/catedra-alberto-benveniste.org\/en\/wp-json\/wp\/v2\/media?parent=9819"}],"wp:term":[{"taxonomy":"category","embeddable":true,"href":"https:\/\/catedra-alberto-benveniste.org\/en\/wp-json\/wp\/v2\/categories?post=9819"},{"taxonomy":"post_tag","embeddable":true,"href":"https:\/\/catedra-alberto-benveniste.org\/en\/wp-json\/wp\/v2\/tags?post=9819"}],"curies":[{"name":"wp","href":"https:\/\/api.w.org\/{rel}","templated":true}]}}