{"id":9814,"date":"2014-06-06T07:19:59","date_gmt":"2014-06-06T07:19:59","guid":{"rendered":"https:\/\/catedra-alberto-benveniste.org\/ii-simposio-internacional-de-estudos-inquisitoriais-religiao-e-poder\/"},"modified":"2014-06-06T07:19:59","modified_gmt":"2014-06-06T07:19:59","slug":"ii-simposio-internacional-de-estudos-inquisitoriais-religiao-e-poder","status":"publish","type":"post","link":"https:\/\/catedra-alberto-benveniste.org\/en\/ii-simposio-internacional-de-estudos-inquisitoriais-religiao-e-poder\/","title":{"rendered":"II Simp\u00f3sio Internacional de Estudos Inquisitoriais: religi\u00e3o e poder"},"content":{"rendered":"<p>J\u00e1 se encontra dispon\u00edvel no site a rela\u00e7\u00e3o completa de Simp\u00f3sios Tem\u00e1ticos enviados e aprovados para o II Simp\u00f3sio de Estudos Inquisitoriais.<\/p>\n<p><a href=\"http:\/\/www.ufrb.edu.br\/simposioinquisicao\/simposios-tematicos\/\">Consulte aqui<\/a><\/p>\n<p>3 a 6 de setembro de 2013 \u2013 Universidade Federal da Bahia \u2013 Faculdade de Filosofia e Ci\u00eancias Humanas \u2013 S\u00e3o L\u00e1zaro<br \/>\nO II Simp\u00f3sio Internacional de Estudos Inquisitoriais visa aprofundar e trazer novas reflex\u00f5es historiogr\u00e1ficas acerca da organiza\u00e7\u00e3o, funcionamento e atua\u00e7\u00e3o dos tribunais inquisitoriais medievais e modernos, nas diversas dimens\u00f5es da sociedade. As confer\u00eancias, as mesas-redondas e os simp\u00f3sios tem\u00e1ticos dessa segunda edi\u00e7\u00e3o centrar-se-\u00e3o em torno do tema Religi\u00e3o e Poder.<\/p>\n<p>As inscri\u00e7\u00f5es para proposi\u00e7\u00e3o de comunica\u00e7\u00f5es nos STs ter\u00e3o in\u00edcio no dia 18 de fevereiro, estendo-se at\u00e9 21 de maio, ter\u00e7a-feira pr\u00f3xima.<\/p>\n<p>Para esclarecimento de d\u00favidas podem enviar um e-mail para:<br \/>\n2simposioinquisicao@gmail.com.<\/p>\n","protected":false},"excerpt":{"rendered":"<p>J\u00e1 se encontra dispon\u00edvel no site a rela\u00e7\u00e3o completa de Simp\u00f3sios Tem\u00e1ticos enviados e aprovados para o II Simp\u00f3sio de Estudos Inquisitoriais.<\/p>\n<p>Consulte aqui<\/p>\n","protected":false},"author":1,"featured_media":8290,"comment_status":"open","ping_status":"open","sticky":false,"template":"","format":"standard","meta":{"footnotes":""},"categories":[49],"tags":[],"class_list":["post-9814","post","type-post","status-publish","format-standard","has-post-thumbnail","hentry","category-noticias-en"],"_links":{"self":[{"href":"https:\/\/catedra-alberto-benveniste.org\/en\/wp-json\/wp\/v2\/posts\/9814","targetHints":{"allow":["GET"]}}],"collection":[{"href":"https:\/\/catedra-alberto-benveniste.org\/en\/wp-json\/wp\/v2\/posts"}],"about":[{"href":"https:\/\/catedra-alberto-benveniste.org\/en\/wp-json\/wp\/v2\/types\/post"}],"author":[{"embeddable":true,"href":"https:\/\/catedra-alberto-benveniste.org\/en\/wp-json\/wp\/v2\/users\/1"}],"replies":[{"embeddable":true,"href":"https:\/\/catedra-alberto-benveniste.org\/en\/wp-json\/wp\/v2\/comments?post=9814"}],"version-history":[{"count":0,"href":"https:\/\/catedra-alberto-benveniste.org\/en\/wp-json\/wp\/v2\/posts\/9814\/revisions"}],"wp:featuredmedia":[{"embeddable":true,"href":"https:\/\/catedra-alberto-benveniste.org\/en\/wp-json\/wp\/v2\/media\/8290"}],"wp:attachment":[{"href":"https:\/\/catedra-alberto-benveniste.org\/en\/wp-json\/wp\/v2\/media?parent=9814"}],"wp:term":[{"taxonomy":"category","embeddable":true,"href":"https:\/\/catedra-alberto-benveniste.org\/en\/wp-json\/wp\/v2\/categories?post=9814"},{"taxonomy":"post_tag","embeddable":true,"href":"https:\/\/catedra-alberto-benveniste.org\/en\/wp-json\/wp\/v2\/tags?post=9814"}],"curies":[{"name":"wp","href":"https:\/\/api.w.org\/{rel}","templated":true}]}}