{"id":9808,"date":"2014-09-02T12:31:59","date_gmt":"2014-09-02T12:31:59","guid":{"rendered":"https:\/\/catedra-alberto-benveniste.org\/apresentacao-do-livro-dom-isaac-abravanel-de-benzion-netanyahu\/"},"modified":"2014-09-02T12:31:59","modified_gmt":"2014-09-02T12:31:59","slug":"apresentacao-do-livro-dom-isaac-abravanel-de-benzion-netanyahu","status":"publish","type":"post","link":"https:\/\/catedra-alberto-benveniste.org\/en\/apresentacao-do-livro-dom-isaac-abravanel-de-benzion-netanyahu\/","title":{"rendered":"Apresenta\u00e7\u00e3o do livro &#8220;Dom Isaac Abravanel&#8221;, de Benzion Netanyahu"},"content":{"rendered":"<p>Esta publica\u00e7\u00e3o pretende homenagear n\u00e3o s\u00f3 a grande personalidade da hist\u00f3ria de Portugal e internacional que foi o lisboeta Isaac Abravanel, mas tamb\u00e9m o not\u00e1vel investigador da hist\u00f3ria sefardita Benzion Netanyahu, falecido em 2012 (e pai do actual primeiro-ministro de Israel,Benjamin Netanyahu).<\/p>\n<p>20 de Junho, pelas 18h, no Sal\u00e3o Nobre dos Pa\u00e7os do Concelho<\/p>\n","protected":false},"excerpt":{"rendered":"<p>Esta publica\u00e7\u00e3o pretende homenagear n\u00e3o s\u00f3 a grande personalidade da hist\u00f3ria de Portugal e internacional que foi o lisboeta Isaac Abravanel, mas tamb\u00e9m o not\u00e1vel investigador da hist\u00f3ria sefardita Benzion Netanyahu, falecido em 2012 (e pai do actual primeiro-ministro de Israel,Benjamin Netanyahu).<\/p>\n","protected":false},"author":1,"featured_media":8295,"comment_status":"open","ping_status":"open","sticky":false,"template":"","format":"standard","meta":{"footnotes":""},"categories":[49],"tags":[],"class_list":["post-9808","post","type-post","status-publish","format-standard","has-post-thumbnail","hentry","category-noticias-en"],"_links":{"self":[{"href":"https:\/\/catedra-alberto-benveniste.org\/en\/wp-json\/wp\/v2\/posts\/9808","targetHints":{"allow":["GET"]}}],"collection":[{"href":"https:\/\/catedra-alberto-benveniste.org\/en\/wp-json\/wp\/v2\/posts"}],"about":[{"href":"https:\/\/catedra-alberto-benveniste.org\/en\/wp-json\/wp\/v2\/types\/post"}],"author":[{"embeddable":true,"href":"https:\/\/catedra-alberto-benveniste.org\/en\/wp-json\/wp\/v2\/users\/1"}],"replies":[{"embeddable":true,"href":"https:\/\/catedra-alberto-benveniste.org\/en\/wp-json\/wp\/v2\/comments?post=9808"}],"version-history":[{"count":0,"href":"https:\/\/catedra-alberto-benveniste.org\/en\/wp-json\/wp\/v2\/posts\/9808\/revisions"}],"wp:featuredmedia":[{"embeddable":true,"href":"https:\/\/catedra-alberto-benveniste.org\/en\/wp-json\/wp\/v2\/media\/8295"}],"wp:attachment":[{"href":"https:\/\/catedra-alberto-benveniste.org\/en\/wp-json\/wp\/v2\/media?parent=9808"}],"wp:term":[{"taxonomy":"category","embeddable":true,"href":"https:\/\/catedra-alberto-benveniste.org\/en\/wp-json\/wp\/v2\/categories?post=9808"},{"taxonomy":"post_tag","embeddable":true,"href":"https:\/\/catedra-alberto-benveniste.org\/en\/wp-json\/wp\/v2\/tags?post=9808"}],"curies":[{"name":"wp","href":"https:\/\/api.w.org\/{rel}","templated":true}]}}