{"id":9806,"date":"2014-10-01T22:15:59","date_gmt":"2014-10-01T22:15:59","guid":{"rendered":"https:\/\/catedra-alberto-benveniste.org\/proxima-sessao-do-3-o-ciclo-de-conferencias-relacoes-luso-italianas-na-epoca-medieval-e-moderna-3\/"},"modified":"2014-10-01T22:15:59","modified_gmt":"2014-10-01T22:15:59","slug":"proxima-sessao-do-3-o-ciclo-de-conferencias-relacoes-luso-italianas-na-epoca-medieval-e-moderna-3","status":"publish","type":"post","link":"https:\/\/catedra-alberto-benveniste.org\/en\/proxima-sessao-do-3-o-ciclo-de-conferencias-relacoes-luso-italianas-na-epoca-medieval-e-moderna-3\/","title":{"rendered":"Pr\u00f3xima sess\u00e3o do 3.\u00ba Ciclo de Confer\u00eancias \u00abRela\u00e7\u00f5es Luso-Italianas na \u00e9poca medieval e moderna\u00bb"},"content":{"rendered":"<p>\u00abRaz\u00f3n de Estado y pr\u00e1cticas de gobierno: elementos de historia politico-institucional entre Portugal e Toscana en el siglo XVIII\u00bb Por Marcella Aglietti (Universit\u00e0 di Pisa).<\/p>\n<p><a href=\"http:\/\/www.cham.fcsh.unl.pt\/ac_actividade.aspx?ActId=36\">Consulte o site<\/a><\/p>\n<p>21-06-2013 pelas 17h30 | Sociedade de Geografia de Lisboa<br \/>\nEsta edi\u00e7\u00e3o do ciclo anual de confer\u00eancias debru\u00e7a-se sobre a import\u00e2ncia das rotas comerciais e culturais entre Portugal e It\u00e1lia.<\/p>\n<p>Organiza\u00e7\u00e3o:<br \/>\n&#8211; CHAM<br \/>\n&#8211; C\u00e1tedra Alberto Benveniste<\/p>\n","protected":false},"excerpt":{"rendered":"<p>\u00abRaz\u00f3n de Estado y pr\u00e1cticas de gobierno: elementos de historia politico-institucional entre Portugal e Toscana en el siglo XVIII\u00bb Por Marcella Aglietti (Universit\u00e0 di Pisa).<\/p>\n<p>Consulte o site<\/p>\n","protected":false},"author":1,"featured_media":8775,"comment_status":"open","ping_status":"open","sticky":false,"template":"","format":"standard","meta":{"footnotes":""},"categories":[49],"tags":[],"class_list":["post-9806","post","type-post","status-publish","format-standard","has-post-thumbnail","hentry","category-noticias-en"],"_links":{"self":[{"href":"https:\/\/catedra-alberto-benveniste.org\/en\/wp-json\/wp\/v2\/posts\/9806","targetHints":{"allow":["GET"]}}],"collection":[{"href":"https:\/\/catedra-alberto-benveniste.org\/en\/wp-json\/wp\/v2\/posts"}],"about":[{"href":"https:\/\/catedra-alberto-benveniste.org\/en\/wp-json\/wp\/v2\/types\/post"}],"author":[{"embeddable":true,"href":"https:\/\/catedra-alberto-benveniste.org\/en\/wp-json\/wp\/v2\/users\/1"}],"replies":[{"embeddable":true,"href":"https:\/\/catedra-alberto-benveniste.org\/en\/wp-json\/wp\/v2\/comments?post=9806"}],"version-history":[{"count":0,"href":"https:\/\/catedra-alberto-benveniste.org\/en\/wp-json\/wp\/v2\/posts\/9806\/revisions"}],"wp:featuredmedia":[{"embeddable":true,"href":"https:\/\/catedra-alberto-benveniste.org\/en\/wp-json\/wp\/v2\/media\/8775"}],"wp:attachment":[{"href":"https:\/\/catedra-alberto-benveniste.org\/en\/wp-json\/wp\/v2\/media?parent=9806"}],"wp:term":[{"taxonomy":"category","embeddable":true,"href":"https:\/\/catedra-alberto-benveniste.org\/en\/wp-json\/wp\/v2\/categories?post=9806"},{"taxonomy":"post_tag","embeddable":true,"href":"https:\/\/catedra-alberto-benveniste.org\/en\/wp-json\/wp\/v2\/tags?post=9806"}],"curies":[{"name":"wp","href":"https:\/\/api.w.org\/{rel}","templated":true}]}}