{"id":9791,"date":"2015-05-10T11:15:59","date_gmt":"2015-05-10T11:15:59","guid":{"rendered":"https:\/\/catedra-alberto-benveniste.org\/da-aurora-ao-crepusculo-recital-de-cancoes-sefarditas\/"},"modified":"2015-05-10T11:15:59","modified_gmt":"2015-05-10T11:15:59","slug":"da-aurora-ao-crepusculo-recital-de-cancoes-sefarditas","status":"publish","type":"post","link":"https:\/\/catedra-alberto-benveniste.org\/en\/da-aurora-ao-crepusculo-recital-de-cancoes-sefarditas\/","title":{"rendered":"Da Aurora ao Crep\u00fasculo \u2013 Recital de Can\u00e7\u00f5es Sefarditas"},"content":{"rendered":"<p>Bilhetes uma hora antes no local &#8211; 7 euros<\/p>\n<p>16 de Maio \u2013 CENTRO CULTURAL DE CASCAIS  \u2013 21h30<br \/>\nDa Aurora ao Crep\u00fasculo \u2013 Recital de Can\u00e7\u00f5es Sefarditas<\/p>\n<p>Teresa Aurora \u2013 voz<br \/>\nJos\u00e9 Tavares \u2013 ala\u00fade e adufe<\/p>\n<p>Os sefarditas tinham sempre uma m\u00fasica para cada ocasi\u00e3o. Da aurora ao crep\u00fasculo entoavam can\u00e7\u00f5es para celebrar o nascimento, o namoro, o noivado e o casamento. Depois da di\u00e1spora, o repert\u00f3rio que conhecemos como m\u00fasica tradicional sefardita, com mais de 500 anos de sobreviv\u00eancia no ex\u00edlio, chegou at\u00e9 n\u00f3s por transmiss\u00e3o oral e gra\u00e7as ao empenho das mulheres.<\/p>\n","protected":false},"excerpt":{"rendered":"<p>Bilhetes uma hora antes no local &#8211; 7 euros<\/p>\n","protected":false},"author":1,"featured_media":8309,"comment_status":"open","ping_status":"open","sticky":false,"template":"","format":"standard","meta":{"footnotes":""},"categories":[49],"tags":[],"class_list":["post-9791","post","type-post","status-publish","format-standard","has-post-thumbnail","hentry","category-noticias-en"],"_links":{"self":[{"href":"https:\/\/catedra-alberto-benveniste.org\/en\/wp-json\/wp\/v2\/posts\/9791","targetHints":{"allow":["GET"]}}],"collection":[{"href":"https:\/\/catedra-alberto-benveniste.org\/en\/wp-json\/wp\/v2\/posts"}],"about":[{"href":"https:\/\/catedra-alberto-benveniste.org\/en\/wp-json\/wp\/v2\/types\/post"}],"author":[{"embeddable":true,"href":"https:\/\/catedra-alberto-benveniste.org\/en\/wp-json\/wp\/v2\/users\/1"}],"replies":[{"embeddable":true,"href":"https:\/\/catedra-alberto-benveniste.org\/en\/wp-json\/wp\/v2\/comments?post=9791"}],"version-history":[{"count":0,"href":"https:\/\/catedra-alberto-benveniste.org\/en\/wp-json\/wp\/v2\/posts\/9791\/revisions"}],"wp:featuredmedia":[{"embeddable":true,"href":"https:\/\/catedra-alberto-benveniste.org\/en\/wp-json\/wp\/v2\/media\/8309"}],"wp:attachment":[{"href":"https:\/\/catedra-alberto-benveniste.org\/en\/wp-json\/wp\/v2\/media?parent=9791"}],"wp:term":[{"taxonomy":"category","embeddable":true,"href":"https:\/\/catedra-alberto-benveniste.org\/en\/wp-json\/wp\/v2\/categories?post=9791"},{"taxonomy":"post_tag","embeddable":true,"href":"https:\/\/catedra-alberto-benveniste.org\/en\/wp-json\/wp\/v2\/tags?post=9791"}],"curies":[{"name":"wp","href":"https:\/\/api.w.org\/{rel}","templated":true}]}}