{"id":9790,"date":"2015-05-25T04:07:59","date_gmt":"2015-05-25T04:07:59","guid":{"rendered":"https:\/\/catedra-alberto-benveniste.org\/libros-en-la-diaspora-una-biblia-de-josue-ibn-gaon-de-soria-en-la-corte-de-joao-i\/"},"modified":"2015-05-25T04:07:59","modified_gmt":"2015-05-25T04:07:59","slug":"libros-en-la-diaspora-una-biblia-de-josue-ibn-gaon-de-soria-en-la-corte-de-joao-i","status":"publish","type":"post","link":"https:\/\/catedra-alberto-benveniste.org\/en\/libros-en-la-diaspora-una-biblia-de-josue-ibn-gaon-de-soria-en-la-corte-de-joao-i\/","title":{"rendered":"LIBROS EN LA DI\u00c1SPORA. UNA BIBLIA DE JOSU\u00c9 IBN GA\u00d3N DE SORIA EN LA CORTE DE JO\u00c3O I"},"content":{"rendered":"<p>Conferencista:<br \/>\nFrancisco Javier del Barco(Instituto de Lenguas y Culturas del Mediterr\u00e1neo\/Consejo Superior de Investigaciones Cient\u00edficas)<\/p>\n<p>Evento do \u00abCiclo de Conferencias 2014\u00bb &#8211; 22 de Maio &#8211; 18h30 &#8211; Sala 2.13 &#8211; Faculdade de Letras da Universidade de Lisboa<br \/>\nConfer\u00eancia relacionada com o projecto de investiga\u00e7\u00e3o:<\/p>\n<p>HEBREW ILLUMINATION IN PORTUGAL DURING THE 15TH CENTURY<\/p>\n<p>Visite o web site:<br \/>\nhttp:\/\/hebrewilluminationinportugal.weebly.com<\/p>\n","protected":false},"excerpt":{"rendered":"<p>Conferencista:<br \/>\nFrancisco Javier del Barco(Instituto de Lenguas y Culturas del Mediterr\u00e1neo\/Consejo Superior de Investigaciones Cient\u00edficas)<\/p>\n","protected":false},"author":1,"featured_media":8310,"comment_status":"open","ping_status":"open","sticky":false,"template":"","format":"standard","meta":{"footnotes":""},"categories":[49],"tags":[],"class_list":["post-9790","post","type-post","status-publish","format-standard","has-post-thumbnail","hentry","category-noticias-en"],"_links":{"self":[{"href":"https:\/\/catedra-alberto-benveniste.org\/en\/wp-json\/wp\/v2\/posts\/9790","targetHints":{"allow":["GET"]}}],"collection":[{"href":"https:\/\/catedra-alberto-benveniste.org\/en\/wp-json\/wp\/v2\/posts"}],"about":[{"href":"https:\/\/catedra-alberto-benveniste.org\/en\/wp-json\/wp\/v2\/types\/post"}],"author":[{"embeddable":true,"href":"https:\/\/catedra-alberto-benveniste.org\/en\/wp-json\/wp\/v2\/users\/1"}],"replies":[{"embeddable":true,"href":"https:\/\/catedra-alberto-benveniste.org\/en\/wp-json\/wp\/v2\/comments?post=9790"}],"version-history":[{"count":0,"href":"https:\/\/catedra-alberto-benveniste.org\/en\/wp-json\/wp\/v2\/posts\/9790\/revisions"}],"wp:featuredmedia":[{"embeddable":true,"href":"https:\/\/catedra-alberto-benveniste.org\/en\/wp-json\/wp\/v2\/media\/8310"}],"wp:attachment":[{"href":"https:\/\/catedra-alberto-benveniste.org\/en\/wp-json\/wp\/v2\/media?parent=9790"}],"wp:term":[{"taxonomy":"category","embeddable":true,"href":"https:\/\/catedra-alberto-benveniste.org\/en\/wp-json\/wp\/v2\/categories?post=9790"},{"taxonomy":"post_tag","embeddable":true,"href":"https:\/\/catedra-alberto-benveniste.org\/en\/wp-json\/wp\/v2\/tags?post=9790"}],"curies":[{"name":"wp","href":"https:\/\/api.w.org\/{rel}","templated":true}]}}