{"id":9785,"date":"2015-08-06T16:27:59","date_gmt":"2015-08-06T16:27:59","guid":{"rendered":"https:\/\/catedra-alberto-benveniste.org\/workshop-internacional-redes-mercantis-portuguesas-e-portos-portugueses-na-idade-moderna\/"},"modified":"2015-08-06T16:27:59","modified_gmt":"2015-08-06T16:27:59","slug":"workshop-internacional-redes-mercantis-portuguesas-e-portos-portugueses-na-idade-moderna","status":"publish","type":"post","link":"https:\/\/catedra-alberto-benveniste.org\/en\/workshop-internacional-redes-mercantis-portuguesas-e-portos-portugueses-na-idade-moderna\/","title":{"rendered":"WORKSHOP INTERNACIONAL \u2013 Redes mercantis portuguesas e portos portugueses na Idade Moderna"},"content":{"rendered":"<p>A C\u00e1tedra de Estudos Sefarditas \u00abAlberto Benveniste\u00bb participa neste importante workshop internacional, com a presen\u00e7a de alguns dos seus investigadores. <\/p>\n<p>30 de Junho 2014 \u2013 FCSH\/NOVA \u2013 Sala multiusos 2, piso 4, ed. ID \u2013 Avenida de Berna, 26-C, Lisboa<br \/>\nEntrada livre. Inscri\u00e7\u00f5es obrigat\u00f3rias, at\u00e9 27 de Junho, atrav\u00e9s do email: redes_portos@fcsh.unl.pt. Mais informa\u00e7\u00f5es: www.cham.fcsh.unl.pt<\/p>\n<p class='attachment-link'><a href=\"https:\/\/catedra-alberto-benveniste.org\/wp-content\/uploads\/2024\/11\/redesmercantis_folheto-1.pdf\" target=\"_blank\" rel=\"noopener\">redesmercantis_folheto-1.pdf<\/a><\/p>\n","protected":false},"excerpt":{"rendered":"<p>A C\u00e1tedra de Estudos Sefarditas \u00abAlberto Benveniste\u00bb participa neste importante workshop internacional, com a presen\u00e7a de alguns dos seus investigadores.<\/p>\n","protected":false},"author":1,"featured_media":8315,"comment_status":"open","ping_status":"open","sticky":false,"template":"","format":"standard","meta":{"footnotes":""},"categories":[49],"tags":[],"class_list":["post-9785","post","type-post","status-publish","format-standard","has-post-thumbnail","hentry","category-noticias-en"],"_links":{"self":[{"href":"https:\/\/catedra-alberto-benveniste.org\/en\/wp-json\/wp\/v2\/posts\/9785","targetHints":{"allow":["GET"]}}],"collection":[{"href":"https:\/\/catedra-alberto-benveniste.org\/en\/wp-json\/wp\/v2\/posts"}],"about":[{"href":"https:\/\/catedra-alberto-benveniste.org\/en\/wp-json\/wp\/v2\/types\/post"}],"author":[{"embeddable":true,"href":"https:\/\/catedra-alberto-benveniste.org\/en\/wp-json\/wp\/v2\/users\/1"}],"replies":[{"embeddable":true,"href":"https:\/\/catedra-alberto-benveniste.org\/en\/wp-json\/wp\/v2\/comments?post=9785"}],"version-history":[{"count":0,"href":"https:\/\/catedra-alberto-benveniste.org\/en\/wp-json\/wp\/v2\/posts\/9785\/revisions"}],"wp:featuredmedia":[{"embeddable":true,"href":"https:\/\/catedra-alberto-benveniste.org\/en\/wp-json\/wp\/v2\/media\/8315"}],"wp:attachment":[{"href":"https:\/\/catedra-alberto-benveniste.org\/en\/wp-json\/wp\/v2\/media?parent=9785"}],"wp:term":[{"taxonomy":"category","embeddable":true,"href":"https:\/\/catedra-alberto-benveniste.org\/en\/wp-json\/wp\/v2\/categories?post=9785"},{"taxonomy":"post_tag","embeddable":true,"href":"https:\/\/catedra-alberto-benveniste.org\/en\/wp-json\/wp\/v2\/tags?post=9785"}],"curies":[{"name":"wp","href":"https:\/\/api.w.org\/{rel}","templated":true}]}}