{"id":9781,"date":"2015-10-04T11:55:59","date_gmt":"2015-10-04T11:55:59","guid":{"rendered":"https:\/\/catedra-alberto-benveniste.org\/novo-livro-de-herman-prins-salomon-queimar-vieira-em-estatua\/"},"modified":"2015-10-04T11:55:59","modified_gmt":"2015-10-04T11:55:59","slug":"novo-livro-de-herman-prins-salomon-queimar-vieira-em-estatua","status":"publish","type":"post","link":"https:\/\/catedra-alberto-benveniste.org\/en\/novo-livro-de-herman-prins-salomon-queimar-vieira-em-estatua\/","title":{"rendered":"Novo livro de Herman Prins Salomon: &#8220;Queimar Vieira em Est\u00e1tua&#8221;"},"content":{"rendered":"<p>Edi\u00e7\u00e3o conjunta da C\u00e1tedra \u00abAlberto Benveniste\u00bb e da Rede de Judiarias de Portugal &#8211; Rotas de Sefarad<\/p>\n<p>Apresenta\u00e7\u00e3o em local e data a anunciar brevemente<br \/>\nFicha bibliogr\u00e1fica:<br \/>\nQueimar Vieira em Est\u00e1tua. As Apologias (1738, 1743) do Senhor Inquisidor Ant\u00f3nio Ribeiro de Abreu. Em Resposta \u00e0s Not\u00edcias Rec\u00f4nditas atribu\u00eddas ao Pe. Ant\u00f3nio Vieira (1608-1697). Dois MSS at\u00e9 agora in\u00e9ditos: transcritos, anotados e introduzidos por Herman Prins Salomon. Pref\u00e1cio de Ant\u00f3nio Feijo. Lisboa, Belmonte, C\u00e1tedra de Estudos Sefarditas \u00abAlberto Benveniste\u00bb da Faculdade de Letras da Universidade de Lisboa, Rede de Judiarias de Portugal \u2013 Rotas de Sefarad, 2014.<\/p>\n","protected":false},"excerpt":{"rendered":"<p>Edi\u00e7\u00e3o conjunta da C\u00e1tedra \u00abAlberto Benveniste\u00bb e da Rede de Judiarias de Portugal &#8211; Rotas de Sefarad<\/p>\n","protected":false},"author":1,"featured_media":8319,"comment_status":"open","ping_status":"open","sticky":false,"template":"","format":"standard","meta":{"footnotes":""},"categories":[49],"tags":[],"class_list":["post-9781","post","type-post","status-publish","format-standard","has-post-thumbnail","hentry","category-noticias-en"],"_links":{"self":[{"href":"https:\/\/catedra-alberto-benveniste.org\/en\/wp-json\/wp\/v2\/posts\/9781","targetHints":{"allow":["GET"]}}],"collection":[{"href":"https:\/\/catedra-alberto-benveniste.org\/en\/wp-json\/wp\/v2\/posts"}],"about":[{"href":"https:\/\/catedra-alberto-benveniste.org\/en\/wp-json\/wp\/v2\/types\/post"}],"author":[{"embeddable":true,"href":"https:\/\/catedra-alberto-benveniste.org\/en\/wp-json\/wp\/v2\/users\/1"}],"replies":[{"embeddable":true,"href":"https:\/\/catedra-alberto-benveniste.org\/en\/wp-json\/wp\/v2\/comments?post=9781"}],"version-history":[{"count":0,"href":"https:\/\/catedra-alberto-benveniste.org\/en\/wp-json\/wp\/v2\/posts\/9781\/revisions"}],"wp:featuredmedia":[{"embeddable":true,"href":"https:\/\/catedra-alberto-benveniste.org\/en\/wp-json\/wp\/v2\/media\/8319"}],"wp:attachment":[{"href":"https:\/\/catedra-alberto-benveniste.org\/en\/wp-json\/wp\/v2\/media?parent=9781"}],"wp:term":[{"taxonomy":"category","embeddable":true,"href":"https:\/\/catedra-alberto-benveniste.org\/en\/wp-json\/wp\/v2\/categories?post=9781"},{"taxonomy":"post_tag","embeddable":true,"href":"https:\/\/catedra-alberto-benveniste.org\/en\/wp-json\/wp\/v2\/tags?post=9781"}],"curies":[{"name":"wp","href":"https:\/\/api.w.org\/{rel}","templated":true}]}}