{"id":9779,"date":"2015-11-02T21:39:59","date_gmt":"2015-11-02T21:39:59","guid":{"rendered":"https:\/\/catedra-alberto-benveniste.org\/catalogacao-dos-manuscritos-em-portugues-da-biblioteca-ets-haim-montesinos\/"},"modified":"2015-11-02T21:39:59","modified_gmt":"2015-11-02T21:39:59","slug":"catalogacao-dos-manuscritos-em-portugues-da-biblioteca-ets-haim-montesinos","status":"publish","type":"post","link":"https:\/\/catedra-alberto-benveniste.org\/en\/catalogacao-dos-manuscritos-em-portugues-da-biblioteca-ets-haim-montesinos\/","title":{"rendered":"Cataloga\u00e7\u00e3o dos manuscritos em portugu\u00eas da Biblioteca Ets Haim (Montesinos)"},"content":{"rendered":"<p>Com financiamento da Funda\u00e7\u00e3o Calouste Gulbenkian, a equipa de investiga\u00e7\u00e3o da C\u00e1tedra \u00abAlberto Benveniste\u00bb encontra-se a fazer a cataloga\u00e7\u00e3o de cerca de 200 manuscritos com texto em portugu\u00eas e\/ou espanhol, do riqu\u00edssimo esp\u00f3lio da Biblioteca Ets Haim (Montesinos), anexa \u00e0 Sinagoga Portuguesa de Amesterd\u00e3o.<\/p>\n<p>Est\u00e3o alocados a este projecto os investigadores:<br \/>\n&#8211; Carla Vieira<br \/>\n&#8211; Susana Mateus<br \/>\n&#8211; Paulo Mendes Pinto (coord.)<\/p>\n<p>Veja o projecto de edi\u00e7\u00e3o on line dos manuscritos desta importante biblioteca <a href=\"http:\/\/www.etshaim.nl\/engl\/manuscripts-digital\">Aqui<\/a><\/p>\n","protected":false},"excerpt":{"rendered":"<p>Com financiamento da Funda\u00e7\u00e3o Calouste Gulbenkian, a equipa de investiga\u00e7\u00e3o da C\u00e1tedra \u00abAlberto Benveniste\u00bb encontra-se a fazer a cataloga\u00e7\u00e3o de cerca de 200 manuscritos com texto em portugu\u00eas e\/ou espanhol, do riqu\u00edssimo esp\u00f3lio da Biblioteca Ets Haim (Montesinos), anexa \u00e0 Sinagoga Portuguesa de Amesterd\u00e3o.<\/p>\n","protected":false},"author":1,"featured_media":8788,"comment_status":"open","ping_status":"open","sticky":false,"template":"","format":"standard","meta":{"footnotes":""},"categories":[49],"tags":[],"class_list":["post-9779","post","type-post","status-publish","format-standard","has-post-thumbnail","hentry","category-noticias-en"],"_links":{"self":[{"href":"https:\/\/catedra-alberto-benveniste.org\/en\/wp-json\/wp\/v2\/posts\/9779","targetHints":{"allow":["GET"]}}],"collection":[{"href":"https:\/\/catedra-alberto-benveniste.org\/en\/wp-json\/wp\/v2\/posts"}],"about":[{"href":"https:\/\/catedra-alberto-benveniste.org\/en\/wp-json\/wp\/v2\/types\/post"}],"author":[{"embeddable":true,"href":"https:\/\/catedra-alberto-benveniste.org\/en\/wp-json\/wp\/v2\/users\/1"}],"replies":[{"embeddable":true,"href":"https:\/\/catedra-alberto-benveniste.org\/en\/wp-json\/wp\/v2\/comments?post=9779"}],"version-history":[{"count":0,"href":"https:\/\/catedra-alberto-benveniste.org\/en\/wp-json\/wp\/v2\/posts\/9779\/revisions"}],"wp:featuredmedia":[{"embeddable":true,"href":"https:\/\/catedra-alberto-benveniste.org\/en\/wp-json\/wp\/v2\/media\/8788"}],"wp:attachment":[{"href":"https:\/\/catedra-alberto-benveniste.org\/en\/wp-json\/wp\/v2\/media?parent=9779"}],"wp:term":[{"taxonomy":"category","embeddable":true,"href":"https:\/\/catedra-alberto-benveniste.org\/en\/wp-json\/wp\/v2\/categories?post=9779"},{"taxonomy":"post_tag","embeddable":true,"href":"https:\/\/catedra-alberto-benveniste.org\/en\/wp-json\/wp\/v2\/tags?post=9779"}],"curies":[{"name":"wp","href":"https:\/\/api.w.org\/{rel}","templated":true}]}}