{"id":9771,"date":"2016-02-28T12:35:59","date_gmt":"2016-02-28T12:35:59","guid":{"rendered":"https:\/\/catedra-alberto-benveniste.org\/conferencia-rabi-moshe-ben-maimon-maimonides-entre-moshe-e-moshe-nao-houve-ninguem-como-moshe-pelo-rabi-eliahu-rosenfeld\/"},"modified":"2016-02-28T12:35:59","modified_gmt":"2016-02-28T12:35:59","slug":"conferencia-rabi-moshe-ben-maimon-maimonides-entre-moshe-e-moshe-nao-houve-ninguem-como-moshe-pelo-rabi-eliahu-rosenfeld","status":"publish","type":"post","link":"https:\/\/catedra-alberto-benveniste.org\/en\/conferencia-rabi-moshe-ben-maimon-maimonides-entre-moshe-e-moshe-nao-houve-ninguem-como-moshe-pelo-rabi-eliahu-rosenfeld\/","title":{"rendered":"Conferencia \u201cRabi Moshe ben Maimon (Maim\u00f3nides), entre Mosh\u00e9 e Mosh\u00e9 n\u00e3o houve ningu\u00e9m como Mosh\u00e9\u201d, pelo Rabi Eliahu Rosenfeld"},"content":{"rendered":"<p>Conferencia integrada em \u00abKERENSIA SEFARDI. Ciclo de cultura e de debate\u00bb.<\/p>\n<p>30 de Abril, pelas 18h.30m, na sala S.0.10, da Universidade Lus\u00f3fona (Campo Grande, n\u00ba 376)<br \/>\nOrganizado pela \u00e1rea de Ci\u00eancia das Religi\u00f5es da Un. Lus\u00f3fona, pela Associa\u00e7\u00e3o de Amizade Portugal-Israel, pela C\u00e1tedra de Estudos Sefarditas \u00abAlberto Benveniste\u00bb da Universidade de Lisboa, e pelo N\u00facleo de Hist\u00f3ria da Medicina da Ordem dos M\u00e9dicos<\/p>\n","protected":false},"excerpt":{"rendered":"<p>Conferencia integrada em \u00abKERENSIA SEFARDI. Ciclo de cultura e de debate\u00bb.<\/p>\n","protected":false},"author":1,"featured_media":8329,"comment_status":"open","ping_status":"open","sticky":false,"template":"","format":"standard","meta":{"footnotes":""},"categories":[49],"tags":[],"class_list":["post-9771","post","type-post","status-publish","format-standard","has-post-thumbnail","hentry","category-noticias-en"],"_links":{"self":[{"href":"https:\/\/catedra-alberto-benveniste.org\/en\/wp-json\/wp\/v2\/posts\/9771","targetHints":{"allow":["GET"]}}],"collection":[{"href":"https:\/\/catedra-alberto-benveniste.org\/en\/wp-json\/wp\/v2\/posts"}],"about":[{"href":"https:\/\/catedra-alberto-benveniste.org\/en\/wp-json\/wp\/v2\/types\/post"}],"author":[{"embeddable":true,"href":"https:\/\/catedra-alberto-benveniste.org\/en\/wp-json\/wp\/v2\/users\/1"}],"replies":[{"embeddable":true,"href":"https:\/\/catedra-alberto-benveniste.org\/en\/wp-json\/wp\/v2\/comments?post=9771"}],"version-history":[{"count":0,"href":"https:\/\/catedra-alberto-benveniste.org\/en\/wp-json\/wp\/v2\/posts\/9771\/revisions"}],"wp:featuredmedia":[{"embeddable":true,"href":"https:\/\/catedra-alberto-benveniste.org\/en\/wp-json\/wp\/v2\/media\/8329"}],"wp:attachment":[{"href":"https:\/\/catedra-alberto-benveniste.org\/en\/wp-json\/wp\/v2\/media?parent=9771"}],"wp:term":[{"taxonomy":"category","embeddable":true,"href":"https:\/\/catedra-alberto-benveniste.org\/en\/wp-json\/wp\/v2\/categories?post=9771"},{"taxonomy":"post_tag","embeddable":true,"href":"https:\/\/catedra-alberto-benveniste.org\/en\/wp-json\/wp\/v2\/tags?post=9771"}],"curies":[{"name":"wp","href":"https:\/\/api.w.org\/{rel}","templated":true}]}}