{"id":9769,"date":"2016-03-28T22:19:59","date_gmt":"2016-03-28T22:19:59","guid":{"rendered":"https:\/\/catedra-alberto-benveniste.org\/conferencia-de-juan-ignacio-pulido-serrano-redes-comerciales-europeas-y-la-casa-de-simon-ruiz-siglos-xvi-y-xvii\/"},"modified":"2016-03-28T22:19:59","modified_gmt":"2016-03-28T22:19:59","slug":"conferencia-de-juan-ignacio-pulido-serrano-redes-comerciales-europeas-y-la-casa-de-simon-ruiz-siglos-xvi-y-xvii","status":"publish","type":"post","link":"https:\/\/catedra-alberto-benveniste.org\/en\/conferencia-de-juan-ignacio-pulido-serrano-redes-comerciales-europeas-y-la-casa-de-simon-ruiz-siglos-xvi-y-xvii\/","title":{"rendered":"Confer\u00eancia de Juan Ignacio Pulido Serrano: &#8220;Redes comerciales europeas y la casa de Sim\u00f3n Ruiz: siglos XVI y XVII&#8221;"},"content":{"rendered":"<p>Integrada no Ciclo de Confer\u00eancias &#8220;Alberto Benveniste&#8221; 2015<\/p>\n<p>14 de Maio, 18.30, Faculdade de Letras da Universidade de Lisboa, Sala 5.2<\/p>\n","protected":false},"excerpt":{"rendered":"<p>Integrada no Ciclo de Confer\u00eancias &#8220;Alberto Benveniste&#8221; 2015<\/p>\n","protected":false},"author":1,"featured_media":8793,"comment_status":"open","ping_status":"open","sticky":false,"template":"","format":"standard","meta":{"footnotes":""},"categories":[49],"tags":[],"class_list":["post-9769","post","type-post","status-publish","format-standard","has-post-thumbnail","hentry","category-noticias-en"],"_links":{"self":[{"href":"https:\/\/catedra-alberto-benveniste.org\/en\/wp-json\/wp\/v2\/posts\/9769","targetHints":{"allow":["GET"]}}],"collection":[{"href":"https:\/\/catedra-alberto-benveniste.org\/en\/wp-json\/wp\/v2\/posts"}],"about":[{"href":"https:\/\/catedra-alberto-benveniste.org\/en\/wp-json\/wp\/v2\/types\/post"}],"author":[{"embeddable":true,"href":"https:\/\/catedra-alberto-benveniste.org\/en\/wp-json\/wp\/v2\/users\/1"}],"replies":[{"embeddable":true,"href":"https:\/\/catedra-alberto-benveniste.org\/en\/wp-json\/wp\/v2\/comments?post=9769"}],"version-history":[{"count":0,"href":"https:\/\/catedra-alberto-benveniste.org\/en\/wp-json\/wp\/v2\/posts\/9769\/revisions"}],"wp:featuredmedia":[{"embeddable":true,"href":"https:\/\/catedra-alberto-benveniste.org\/en\/wp-json\/wp\/v2\/media\/8793"}],"wp:attachment":[{"href":"https:\/\/catedra-alberto-benveniste.org\/en\/wp-json\/wp\/v2\/media?parent=9769"}],"wp:term":[{"taxonomy":"category","embeddable":true,"href":"https:\/\/catedra-alberto-benveniste.org\/en\/wp-json\/wp\/v2\/categories?post=9769"},{"taxonomy":"post_tag","embeddable":true,"href":"https:\/\/catedra-alberto-benveniste.org\/en\/wp-json\/wp\/v2\/tags?post=9769"}],"curies":[{"name":"wp","href":"https:\/\/api.w.org\/{rel}","templated":true}]}}